{"id":177118,"date":"2020-07-03T11:26:41","date_gmt":"2020-07-03T14:26:41","guid":{"rendered":"https:\/\/www.caririemacao.com\/1\/?p=177118"},"modified":"2020-07-03T11:26:41","modified_gmt":"2020-07-03T14:26:41","slug":"prefeitura-de-sao-sebastiao-do-umbuzeiro-recebera-quase-440-mil-reais-atraves-de-emenda-de-efraim-filho-para-o-combate-ao-coronavirus","status":"publish","type":"post","link":"https:\/\/www.caririemacao.com\/1\/2020\/07\/03\/prefeitura-de-sao-sebastiao-do-umbuzeiro-recebera-quase-440-mil-reais-atraves-de-emenda-de-efraim-filho-para-o-combate-ao-coronavirus\/","title":{"rendered":"Prefeitura de S\u00e3o Sebasti\u00e3o do Umbuzeiro receber\u00e1 quase 440 mil reais atrav\u00e9s de emenda de Efraim Filho para o combate ao coronav\u00edrus"},"content":{"rendered":"\n<h3 class=\"wp-block-heading\"><\/h3>\n\n\n\n<p>O munic\u00edpio de S\u00e3o Sebasti\u00e3o do Umbuzeiro vai ganhar mais um grande refor\u00e7o no combate ao coronav\u00edrus.<br>O deputado federal Efraim Filho atrav\u00e9s de seu gabinete acaba de confirmar uma emenda no valor de R$ 439.237,00 para apoio financeiro no enfrentamento ao CORONAVIRUS<br>O recurso j\u00e1 est\u00e1 autorizado atrav\u00e9s da portaria MS\/GM n\u00ba 1.666, de 01\/07\/2020 do Fundo Nacional de Sa\u00fade junto ao Minist\u00e9rio da Sa\u00fade.<br>O valor dever\u00e1 ser investido pela prefeitura de S\u00e3o Sebasti\u00e3o do Umbuzeiro em&nbsp;&nbsp;a\u00e7\u00f5es e servi\u00e7os de sa\u00fade abrangendo a aten\u00e7\u00e3o prim\u00e1ria e especializada, a vigil\u00e2ncia em sa\u00fade, e a assist\u00eancia farmac\u00eautica.<br>De acordo com o prefeito Adriano Wolff a verba ser\u00e1 destinada \u00e0 aquisi\u00e7\u00e3o de suprimentos, insumos e produtos hospitalares, custeio do procedimento de tratamento de infec\u00e7\u00e3o pelo novo coronav\u00edrus, bem como a defini\u00e7\u00e3o de protocolos assistenciais espec\u00edficos para o enfrentamento \u00e0 pandemia do coronav\u00edrus.<br>\u201cGra\u00e7as a mais este apoio deste grande parceiro deputado federal Efraim Filho, a quem agradecemos de todo o cora\u00e7\u00e3o, vamos refor\u00e7ar ainda mais as a\u00e7\u00f5es de combate e preven\u00e7\u00e3o deste v\u00edrus, com as b\u00ean\u00e7\u00e3os de S\u00e3o Sebasti\u00e3o\u201d, disse o prefeito Adriano Wolff.<strong><br><\/strong><strong>FABIO BRITO<\/strong><\/p>\n","protected":false},"excerpt":{"rendered":"<p>O munic\u00edpio de S\u00e3o Sebasti\u00e3o do Umbuzeiro vai ganhar mais um grande refor\u00e7o no combate ao coronav\u00edrus.O deputado federal Efraim Filho atrav\u00e9s de seu gabinete&hellip; <\/p>\n","protected":false},"author":2,"featured_media":177119,"comment_status":"closed","ping_status":"closed","sticky":false,"template":"","format":"standard","meta":{"sfsi_plus_gutenberg_text_before_share":"","sfsi_plus_gutenberg_show_text_before_share":"","sfsi_plus_gutenberg_icon_type":"","sfsi_plus_gutenberg_icon_alignemt":"","sfsi_plus_gutenburg_max_per_row":"","footnotes":""},"categories":[50,2],"tags":[],"class_list":["post-177118","post","type-post","status-publish","format-standard","has-post-thumbnail","hentry","category-destaque","category-geral"],"_links":{"self":[{"href":"https:\/\/www.caririemacao.com\/1\/wp-json\/wp\/v2\/posts\/177118","targetHints":{"allow":["GET"]}}],"collection":[{"href":"https:\/\/www.caririemacao.com\/1\/wp-json\/wp\/v2\/posts"}],"about":[{"href":"https:\/\/www.caririemacao.com\/1\/wp-json\/wp\/v2\/types\/post"}],"author":[{"embeddable":true,"href":"https:\/\/www.caririemacao.com\/1\/wp-json\/wp\/v2\/users\/2"}],"replies":[{"embeddable":true,"href":"https:\/\/www.caririemacao.com\/1\/wp-json\/wp\/v2\/comments?post=177118"}],"version-history":[{"count":1,"href":"https:\/\/www.caririemacao.com\/1\/wp-json\/wp\/v2\/posts\/177118\/revisions"}],"predecessor-version":[{"id":177120,"href":"https:\/\/www.caririemacao.com\/1\/wp-json\/wp\/v2\/posts\/177118\/revisions\/177120"}],"wp:featuredmedia":[{"embeddable":true,"href":"https:\/\/www.caririemacao.com\/1\/wp-json\/wp\/v2\/media\/177119"}],"wp:attachment":[{"href":"https:\/\/www.caririemacao.com\/1\/wp-json\/wp\/v2\/media?parent=177118"}],"wp:term":[{"taxonomy":"category","embeddable":true,"href":"https:\/\/www.caririemacao.com\/1\/wp-json\/wp\/v2\/categories?post=177118"},{"taxonomy":"post_tag","embeddable":true,"href":"https:\/\/www.caririemacao.com\/1\/wp-json\/wp\/v2\/tags?post=177118"}],"curies":[{"name":"wp","href":"https:\/\/api.w.org\/{rel}","templated":true}]}}