{"id":177122,"date":"2020-07-03T11:31:11","date_gmt":"2020-07-03T14:31:11","guid":{"rendered":"https:\/\/www.caririemacao.com\/1\/?p=177122"},"modified":"2020-07-03T11:31:11","modified_gmt":"2020-07-03T14:31:11","slug":"conheca-resultado-do-maior-estudo-sobre-a-covid-19-no-brasil","status":"publish","type":"post","link":"https:\/\/www.caririemacao.com\/1\/2020\/07\/03\/conheca-resultado-do-maior-estudo-sobre-a-covid-19-no-brasil\/","title":{"rendered":"Conhe\u00e7a resultado do maior estudo sobre a covid-19 no Brasil"},"content":{"rendered":"\n<h2 class=\"wp-block-heading\"><\/h2>\n\n\n\n<p>Nesta quinta-feira(2), representantes do Minist\u00e9rio da Sa\u00fade e a da Universidade Federal de Pelotas, do Rio Grande do Sul, participaram de entrevista coletiva para divulgar&nbsp;os resultados do maior estudo sobre a covid-19 no Brasil,&nbsp;al\u00e9m do balan\u00e7o de distribui\u00e7\u00e3o de recursos financeiros e de medicamentos.<img decoding=\"async\" data-src=\"https:\/\/agenciabrasil.ebc.com.br\/ebc.png?id=1310767&amp;o=node\" src=\"data:image\/svg+xml;base64,PHN2ZyB3aWR0aD0iMSIgaGVpZ2h0PSIxIiB4bWxucz0iaHR0cDovL3d3dy53My5vcmcvMjAwMC9zdmciPjwvc3ZnPg==\" class=\"lazyload\"><\/p>\n\n\n\n<p>Segundo o coordenador da pesquisa&nbsp;e reitor da Universidade Federal de Pelotas, Pedro Hallal, a maior novidade do estudo \u00e9 que 91% dos entrevistados apresentaram sintomas, diferentemente de outras pesquisas. Das 2 mil pessoas testadas positivo, mais de 62,9% tiveram altera\u00e7\u00e3o de olfato e paladar, 62,2% tiveram dor de cabe\u00e7a, 56,2% relataram febre, 53,1% tiveram tosse e 52,3% informaram dores no corpo.<\/p>\n\n\n\n<blockquote class=\"wp-block-quote is-layout-flow wp-block-quote-is-layout-flow\"><p>\u201cEstamos dizendo que os sintomas da covid-19 aparecem e isso \u00e9 bom para as autoridades locais desenvolverem protocolos para identificar os sintomas. Mas n\u00e3o quer dizer que cada uma delas necessitar\u00e1 de atendimento hospitalar\u201d, ponderou Hallal.<\/p><\/blockquote>\n\n\n\n<p>A taxa de letalidade (n\u00famero de mortes pelo total de casos) encontrada foi de 1,15%. Esse \u00edndice varia por faixa et\u00e1ria. Ele defendeu que este n\u00famero \u00e9 \u201cconsistente\u201d e indica uma propor\u00e7\u00e3o segura na amostra averiguada.<\/p>\n\n\n\n<p>Foram detectadas diferen\u00e7as nas regi\u00f5es do pa\u00eds. No Norte houve uma oscila\u00e7\u00e3o entre a 2\u00aa&nbsp;e a 3\u00aa&nbsp;fase, enquanto nas demais foi identificado crescimento neste per\u00edodo.<\/p>\n\n\n\n<p>No recorte de g\u00eanero, os \u00edndices s\u00e3o semelhantes. Na distribui\u00e7\u00e3o por idade, a investiga\u00e7\u00e3o mostrou que crian\u00e7as pegam o v\u00edrus como pessoas mais velhas, embora estas tenham mais risco de evolu\u00e7\u00e3o para quadro grave do que aquelas.<\/p>\n\n\n\n<p>Em rela\u00e7\u00e3o \u00e0 transmiss\u00e3o dentro das fam\u00edlias, o estudo trouxe resultados diferentes de outras pesquisas acad\u00eamicas. Foram encontrados 39% de positivos, enquanto na literatura acad\u00eamica sobre o tema a m\u00e9dia \u00e9 de 20%.<\/p>\n\n\n\n<p>Os autores verificaram tamb\u00e9m o distanciamento social. As pessoas que sa\u00edram diariamente aumentaram de 20,2% para 26,2% entre a primeira e terceira fases da an\u00e1lise. Da mesma forma, o contingente que relatou ficar sempre em casa diminuiu de 23,1% para 18,9% entre a primeira e a \u00faltima fase.<\/p>\n\n\n\n<p>Foram entrevistadas pessoas em 133 cidades em todo o pa\u00eds, selecionadas por serem as mais populosas das regi\u00f5es intermedi\u00e1rias. Foi maior estudo epidemiol\u00f3gico do mundo, verificando 90 mil pessoas com teste para o novo coronav\u00edrus, escolhidas por sorteio. Foi utilizado teste r\u00e1pido (que verifica anticorpos). Os organizadores apresentaram um bom desempenho.<\/p>\n\n\n\n<p>O secret\u00e1rio executivo do Minist\u00e9rio da Sa\u00fade, \u00c9lcio Franco, afirmou que esses n\u00fameros t\u00eam de ser avaliados pois confrontam os de outros estudos.<\/p>\n\n\n\n<blockquote class=\"wp-block-quote is-layout-flow wp-block-quote-is-layout-flow\"><p>\u201cAinda precisaremos de outros elementos para compreender completamente a din\u00e2mica da doen\u00e7a no territ\u00f3rio. Os dados trazidos pela UFPel&nbsp;ser\u00e3o confrontados com outros estudos. Mas certamente \u00e9 contribui\u00e7\u00e3o do Brasil para comunidade cient\u00edfica internacional\u201d, comentou.<\/p><\/blockquote>\n\n\n\n<p>O estudo conduzido pela Universidade Federal de Pelotas encontrou uma m\u00e9dia de 3,8% de infec\u00e7\u00e3o na \u00faltima das tr\u00eas etapas. Na primeira fase, no meio de maio, o \u00edndice era de 1,9%. O percentual aumentou para 3,1% na segunda fase. A diferen\u00e7a entre pessoas que tiveram anticorpos detectados e os casos notificados foi de 6 vezes na \u00faltima etapa.<\/p>\n\n\n\n<p>Na an\u00e1lise por n\u00edvel socioecon\u00f4mico, h\u00e1 diferen\u00e7as. Os 20% mais pobres da popula\u00e7\u00e3o t\u00eam o dobro da infec\u00e7\u00e3o dos que os 20% mais ricos da popula\u00e7\u00e3o.<\/p>\n","protected":false},"excerpt":{"rendered":"<p>Nesta quinta-feira(2), representantes do Minist\u00e9rio da Sa\u00fade e a da Universidade Federal de Pelotas, do Rio Grande do Sul, participaram de entrevista coletiva para divulgar&nbsp;os&hellip; <\/p>\n","protected":false},"author":2,"featured_media":177123,"comment_status":"closed","ping_status":"closed","sticky":false,"template":"","format":"standard","meta":{"sfsi_plus_gutenberg_text_before_share":"","sfsi_plus_gutenberg_show_text_before_share":"","sfsi_plus_gutenberg_icon_type":"","sfsi_plus_gutenberg_icon_alignemt":"","sfsi_plus_gutenburg_max_per_row":"","footnotes":""},"categories":[2],"tags":[],"class_list":["post-177122","post","type-post","status-publish","format-standard","has-post-thumbnail","hentry","category-geral"],"_links":{"self":[{"href":"https:\/\/www.caririemacao.com\/1\/wp-json\/wp\/v2\/posts\/177122","targetHints":{"allow":["GET"]}}],"collection":[{"href":"https:\/\/www.caririemacao.com\/1\/wp-json\/wp\/v2\/posts"}],"about":[{"href":"https:\/\/www.caririemacao.com\/1\/wp-json\/wp\/v2\/types\/post"}],"author":[{"embeddable":true,"href":"https:\/\/www.caririemacao.com\/1\/wp-json\/wp\/v2\/users\/2"}],"replies":[{"embeddable":true,"href":"https:\/\/www.caririemacao.com\/1\/wp-json\/wp\/v2\/comments?post=177122"}],"version-history":[{"count":1,"href":"https:\/\/www.caririemacao.com\/1\/wp-json\/wp\/v2\/posts\/177122\/revisions"}],"predecessor-version":[{"id":177124,"href":"https:\/\/www.caririemacao.com\/1\/wp-json\/wp\/v2\/posts\/177122\/revisions\/177124"}],"wp:featuredmedia":[{"embeddable":true,"href":"https:\/\/www.caririemacao.com\/1\/wp-json\/wp\/v2\/media\/177123"}],"wp:attachment":[{"href":"https:\/\/www.caririemacao.com\/1\/wp-json\/wp\/v2\/media?parent=177122"}],"wp:term":[{"taxonomy":"category","embeddable":true,"href":"https:\/\/www.caririemacao.com\/1\/wp-json\/wp\/v2\/categories?post=177122"},{"taxonomy":"post_tag","embeddable":true,"href":"https:\/\/www.caririemacao.com\/1\/wp-json\/wp\/v2\/tags?post=177122"}],"curies":[{"name":"wp","href":"https:\/\/api.w.org\/{rel}","templated":true}]}}