{"id":177126,"date":"2020-07-03T11:35:20","date_gmt":"2020-07-03T14:35:20","guid":{"rendered":"https:\/\/www.caririemacao.com\/1\/?p=177126"},"modified":"2020-07-03T11:35:20","modified_gmt":"2020-07-03T14:35:20","slug":"agropecuaria-de-caraubas-e-sao-domingos-do-cariri-ganha-destaque-na-midia-nacional-pela-confeccao-de-silagem-e-fenacao","status":"publish","type":"post","link":"https:\/\/www.caririemacao.com\/1\/2020\/07\/03\/agropecuaria-de-caraubas-e-sao-domingos-do-cariri-ganha-destaque-na-midia-nacional-pela-confeccao-de-silagem-e-fenacao\/","title":{"rendered":"Agropecu\u00e1ria de Cara\u00fabas e S\u00e3o Domingos do Cariri ganha destaque na m\u00eddia nacional pela confec\u00e7\u00e3o de silagem e fena\u00e7\u00e3o"},"content":{"rendered":"\n<h1 class=\"wp-block-heading\"><\/h1>\n\n\n\n<p>Os munic\u00edpios Cara\u00fabas e S\u00e3o Domingos do Cariri, no Cariri Oriental, est\u00e3o desenvolvendo um trabalho de fortalecimento da agricultura familiar a partir de a\u00e7\u00f5es voltadas para a pecu\u00e1ria caprina que tem potencial para produ\u00e7\u00e3o de carne e leite que se somam para o processo da gera\u00e7\u00e3o de renda e da seguran\u00e7a alimentar das fam\u00edlias agricultoras.<\/p>\n\n\n\n<p>O programa Domingo Rural esteve nos respectivos munic\u00edpios e entrevistou o agricultor familiar Di\u00f3genes Fernandes do Nascimento, de S\u00e3o Domingos do Cariri; e Mois\u00e9s Marcos Brito, de Cara\u00fabas; que falam sobre um conjunto de a\u00e7\u00f5es que v\u00eam sendo desenvolvidas em parceria com \u00f3rg\u00e3os do Governo do Estado atrav\u00e9s das a\u00e7\u00f5es do F\u00f3rum Territorial Sustent\u00e1vel do Cariri Oriental paraibano.<\/p>\n\n\n\n<p>\u201cA gente recebeu importantes equipamentos durante a gest\u00e3o de Ricardo Coutinho assim como recebemos na gest\u00e3o de Jo\u00e3o Azevedo, hoje temos um trator que faz silagem e \u00e9 um trator muito bom, recebemos ensiladeiras que s\u00e3o acopladas ao trator que \u00e9 bem pr\u00e1tico e o pessoal est\u00e1 utilizando muito para armazenamento para os per\u00edodos mais secos; hoje temos diversas \u00e1reas de forragens feitas com o Procase com cinco ou seis campos de multiplica\u00e7\u00e3o&nbsp; palmas resistentes com irriga\u00e7\u00e3o e caixa d\u2019\u00e1gua, o munic\u00edpio hoje est\u00e1 bem servido\u201d, explica Mois\u00e9s Brito ao dialogar com nosso p\u00fablico ouvinte Domingo Rural.<\/p>\n\n\n\n<p>\u201cCom a vinda do projeto Procase, quem vem desde o governo Ricardo e adentrou o governo Jo\u00e3o, todos os munic\u00edpios via v\u00e1rias institui\u00e7\u00f5es da sociedade civil nas regi\u00f5es adquiriram equipamentos para o fortalecimento da cadeia produtiva da caprinocultura ou em geral da pecu\u00e1ria. Veja s\u00f3, a gente est\u00e1 agora num momento de fartura de ra\u00e7\u00e3o, mas essa ra\u00e7\u00e3o precisa ser beneficiada ou guardada em silos, no momento o que est\u00e1 acontecendo \u00e9 que a gente tem tentado fazer aqui a aproveitamento das jitiranas, das gram\u00edneas a partir do feno, j\u00e1 aqueles que tem a palhada do milho est\u00e3o fazendo a silagem e trouxe muitos benef\u00edcios esses equipamentos para os agricultores e as institui\u00e7\u00f5es porque n\u00f3s, principalmente dessa regi\u00e3o Cariri Oriental, n\u00e3o t\u00ednhamos muito essa cultura de armazenar ra\u00e7\u00e3o, chegava um per\u00edodo como esse de inverno, com tanta fartura, e isso perdia como mat\u00e9ria seca para o solo\u201d, explica Di\u00f3genes em contato direto com nosso p\u00fablico ouvinte.<\/p>\n\n\n\n<p>Aquelas lideran\u00e7as garantem que as pol\u00edticas governamentais, via territ\u00f3rios, t\u00eam feito a diferen\u00e7a na vida dos munic\u00edpios e seus empreendedores rurais atrav\u00e9s de interc\u00e2mbios, trocas de experi\u00eancias, oficinas, forma\u00e7\u00f5es que se somam ao conjunto de equipamentos agr\u00edcolas conquistados ao longo de quase duas d\u00e9cadas de organiza\u00e7\u00e3o social via entidades.<\/p>\n","protected":false},"excerpt":{"rendered":"<p>Os munic\u00edpios Cara\u00fabas e S\u00e3o Domingos do Cariri, no Cariri Oriental, est\u00e3o desenvolvendo um trabalho de fortalecimento da agricultura familiar a partir de a\u00e7\u00f5es voltadas&hellip; <\/p>\n","protected":false},"author":2,"featured_media":177127,"comment_status":"closed","ping_status":"closed","sticky":false,"template":"","format":"standard","meta":{"sfsi_plus_gutenberg_text_before_share":"","sfsi_plus_gutenberg_show_text_before_share":"","sfsi_plus_gutenberg_icon_type":"","sfsi_plus_gutenberg_icon_alignemt":"","sfsi_plus_gutenburg_max_per_row":"","footnotes":""},"categories":[2],"tags":[],"class_list":["post-177126","post","type-post","status-publish","format-standard","has-post-thumbnail","hentry","category-geral"],"_links":{"self":[{"href":"https:\/\/www.caririemacao.com\/1\/wp-json\/wp\/v2\/posts\/177126","targetHints":{"allow":["GET"]}}],"collection":[{"href":"https:\/\/www.caririemacao.com\/1\/wp-json\/wp\/v2\/posts"}],"about":[{"href":"https:\/\/www.caririemacao.com\/1\/wp-json\/wp\/v2\/types\/post"}],"author":[{"embeddable":true,"href":"https:\/\/www.caririemacao.com\/1\/wp-json\/wp\/v2\/users\/2"}],"replies":[{"embeddable":true,"href":"https:\/\/www.caririemacao.com\/1\/wp-json\/wp\/v2\/comments?post=177126"}],"version-history":[{"count":1,"href":"https:\/\/www.caririemacao.com\/1\/wp-json\/wp\/v2\/posts\/177126\/revisions"}],"predecessor-version":[{"id":177128,"href":"https:\/\/www.caririemacao.com\/1\/wp-json\/wp\/v2\/posts\/177126\/revisions\/177128"}],"wp:featuredmedia":[{"embeddable":true,"href":"https:\/\/www.caririemacao.com\/1\/wp-json\/wp\/v2\/media\/177127"}],"wp:attachment":[{"href":"https:\/\/www.caririemacao.com\/1\/wp-json\/wp\/v2\/media?parent=177126"}],"wp:term":[{"taxonomy":"category","embeddable":true,"href":"https:\/\/www.caririemacao.com\/1\/wp-json\/wp\/v2\/categories?post=177126"},{"taxonomy":"post_tag","embeddable":true,"href":"https:\/\/www.caririemacao.com\/1\/wp-json\/wp\/v2\/tags?post=177126"}],"curies":[{"name":"wp","href":"https:\/\/api.w.org\/{rel}","templated":true}]}}