{"id":177131,"date":"2020-07-03T14:01:01","date_gmt":"2020-07-03T17:01:01","guid":{"rendered":"https:\/\/www.caririemacao.com\/1\/?p=177131"},"modified":"2020-07-03T14:01:01","modified_gmt":"2020-07-03T17:01:01","slug":"promulgada-lei-que-determina-fornecimento-de-agua-potavel-e-moradia-para-pessoas-em-situacao-de-rua-durante-pandemia-na-paraiba","status":"publish","type":"post","link":"https:\/\/www.caririemacao.com\/1\/2020\/07\/03\/promulgada-lei-que-determina-fornecimento-de-agua-potavel-e-moradia-para-pessoas-em-situacao-de-rua-durante-pandemia-na-paraiba\/","title":{"rendered":"Promulgada lei que determina fornecimento de \u00e1gua pot\u00e1vel e moradia para pessoas em situa\u00e7\u00e3o de rua durante pandemia na Para\u00edba"},"content":{"rendered":"\n<h1 class=\"wp-block-heading\"><\/h1>\n\n\n\n<p>Foi promulgada a Lei n\u00ba 11.703 que determina o fornecimento de \u00e1gua pot\u00e1vel e moradia para pessoas em situa\u00e7\u00e3o de rua durante \u00e0 pandemia do Coronav\u00edrus na Para\u00edba. A lei de autoria do presidente da Assembleia Legislativa da Para\u00edba (ALPB), o deputado Adriano Galdino, foi publicada no Di\u00e1rio Oficial desta sexta-feira (03).<\/p>\n\n\n\n<p>De acordo com o Plano Emergencial Intersetorial&nbsp;para a prote\u00e7\u00e3o&nbsp;das pessoas em situa\u00e7\u00e3o de rua no Estado da Para\u00edba, deve ser assegurado&nbsp;abrigo em condi\u00e7\u00f5es de dignidade, para as pessoas que n\u00e3o se encontrem nos equipamentos p\u00fablicos existentes ou que estejam nas ruas, fornecendo recursos ou subs\u00eddios&nbsp;para pagamento de pens\u00e3o ou aluguel social, hotel ou outras medidas que viabilizem os direitos \u00e0 moradia adequada.<\/p>\n\n\n\n<p>Tamb\u00e9m deve ser fornecido um&nbsp;espa\u00e7o priorit\u00e1rio de moradia \u00e0s pessoas que perten\u00e7am \u00e0 grupo de&nbsp;risco, tendo em vista a pandemia do novo coronav\u00edrus \u2013 COVID-19 -, tais como pessoas idosas, pessoas&nbsp;com doen\u00e7as cr\u00f4nicas, pessoas imunossuprimidas, bem como portadores de doen\u00e7as respirat\u00f3rias e&nbsp;outras comorbidades preexistentes que possam conduzir a um agravamento do estado geral de sa\u00fade a&nbsp;partir do cont\u00e1gio de COVID-19, assim como gestantes e mulheres em condi\u00e7\u00f5es de vulnerabilidade&nbsp;social e em risco.<\/p>\n\n\n\n<p>Devem ser&nbsp;disponibilizadas&nbsp;pontos de \u00e1gua pot\u00e1vel nas principais pra\u00e7as e logradouros p\u00fablicos, franqueando ainda imediato acesso aos banheiros p\u00fablicos j\u00e1 existentes, sem preju\u00edzo da implanta\u00e7\u00e3o de outros sanit\u00e1rios para uso p\u00fablico, mediante plano para a devida higieniza\u00e7\u00e3o dos mesmos.<\/p>\n\n\n\n<p><em>Click PB<\/em><\/p>\n","protected":false},"excerpt":{"rendered":"<p>Foi promulgada a Lei n\u00ba 11.703 que determina o fornecimento de \u00e1gua pot\u00e1vel e moradia para pessoas em situa\u00e7\u00e3o de rua durante \u00e0 pandemia do&hellip; <\/p>\n","protected":false},"author":2,"featured_media":177132,"comment_status":"closed","ping_status":"closed","sticky":false,"template":"","format":"standard","meta":{"sfsi_plus_gutenberg_text_before_share":"","sfsi_plus_gutenberg_show_text_before_share":"","sfsi_plus_gutenberg_icon_type":"","sfsi_plus_gutenberg_icon_alignemt":"","sfsi_plus_gutenburg_max_per_row":"","footnotes":""},"categories":[2],"tags":[],"class_list":["post-177131","post","type-post","status-publish","format-standard","has-post-thumbnail","hentry","category-geral"],"_links":{"self":[{"href":"https:\/\/www.caririemacao.com\/1\/wp-json\/wp\/v2\/posts\/177131","targetHints":{"allow":["GET"]}}],"collection":[{"href":"https:\/\/www.caririemacao.com\/1\/wp-json\/wp\/v2\/posts"}],"about":[{"href":"https:\/\/www.caririemacao.com\/1\/wp-json\/wp\/v2\/types\/post"}],"author":[{"embeddable":true,"href":"https:\/\/www.caririemacao.com\/1\/wp-json\/wp\/v2\/users\/2"}],"replies":[{"embeddable":true,"href":"https:\/\/www.caririemacao.com\/1\/wp-json\/wp\/v2\/comments?post=177131"}],"version-history":[{"count":1,"href":"https:\/\/www.caririemacao.com\/1\/wp-json\/wp\/v2\/posts\/177131\/revisions"}],"predecessor-version":[{"id":177133,"href":"https:\/\/www.caririemacao.com\/1\/wp-json\/wp\/v2\/posts\/177131\/revisions\/177133"}],"wp:featuredmedia":[{"embeddable":true,"href":"https:\/\/www.caririemacao.com\/1\/wp-json\/wp\/v2\/media\/177132"}],"wp:attachment":[{"href":"https:\/\/www.caririemacao.com\/1\/wp-json\/wp\/v2\/media?parent=177131"}],"wp:term":[{"taxonomy":"category","embeddable":true,"href":"https:\/\/www.caririemacao.com\/1\/wp-json\/wp\/v2\/categories?post=177131"},{"taxonomy":"post_tag","embeddable":true,"href":"https:\/\/www.caririemacao.com\/1\/wp-json\/wp\/v2\/tags?post=177131"}],"curies":[{"name":"wp","href":"https:\/\/api.w.org\/{rel}","templated":true}]}}