{"id":177139,"date":"2020-07-03T14:08:56","date_gmt":"2020-07-03T17:08:56","guid":{"rendered":"https:\/\/www.caririemacao.com\/1\/?p=177139"},"modified":"2020-07-03T14:08:56","modified_gmt":"2020-07-03T17:08:56","slug":"advogados-destacam-sucesso-da-caravana-de-vacinacao-da-caa-pb-em-cidades-do-cariri","status":"publish","type":"post","link":"https:\/\/www.caririemacao.com\/1\/2020\/07\/03\/advogados-destacam-sucesso-da-caravana-de-vacinacao-da-caa-pb-em-cidades-do-cariri\/","title":{"rendered":"Advogados destacam sucesso da Caravana de Vacina\u00e7\u00e3o da CAA-PB em cidades do Cariri"},"content":{"rendered":"\n<h1 class=\"wp-block-heading\"><\/h1>\n\n\n\n<p>A Caixa de Assist\u00eancia dos Advogados da Para\u00edba (CAA-PB) iniciou, nesta quinta-feira (02), dando continuidade ao seu projeto de interioriza\u00e7\u00e3o, iniciou, nesta quinta-feira (02), a Caravana de Vacina\u00e7\u00e3o contra a gripe pela Subse\u00e7\u00e3o da OAB do Cariri, imunizando os advogados das cidades de Monteiro, Sum\u00e9, Serra Branca e Tapero\u00e1, com a entrega de kit de m\u00e1scara e \u00e1lcool em gel.<\/p>\n\n\n\n<p>A presidente da Subse\u00e7\u00e3o da OAB do Cariri, Taua Domiciano, destacou o sucesso do projeto e agradeceu a CAA-PB pelo apoio. \u201cSem a Caixa de Assist\u00eancia n\u00e3o ter\u00edamos conseguido proporcionar esse servi\u00e7o para a regi\u00e3o do Cariri. Quero tamb\u00e9m agradecer ao presidente da CAA, Dr Assis Almeida, que nunca nos faltou, sempre atendeu todos os nossos pleitos. Assis Almeida \u00e9 uma pessoa muito atenciosa, que tem os olhos voltados para a advocacia do interior\u201d, afirmou.<\/p>\n\n\n\n<p>Taua Domiciano tamb\u00e9m agradeceu a secretaria geral adjunta da CAA-PB e presidente da Caixa em Campina Grande, Veruska Maciel, ao vice-presidente da Subse\u00e7\u00e3o, Edvaldo Bezerra, aos funcion\u00e1rios e estagi\u00e1rios da Subse\u00e7\u00e3o, Erica Bruna e Maria Hort\u00eancia. \u201c\u00c9 muito bom chegar em casa e saber que tudo deu certo, e a vacina\u00e7\u00e3o foi um verdadeiro sucesso, com ades\u00e3o total dos advogados da regi\u00e3o do Cariri, que s\u00e3o os principais estrelas da campanha\u201d, destacou.<\/p>\n\n\n\n<p>J\u00e1 o vice-presidente da Subse\u00e7\u00e3o, Edvaldo Bezerra, destacou o pioneirismo da campanha itinerante de vacina\u00e7\u00e3o contra a gripe da CAA-PB. \u201cA Subse\u00e7\u00e3o do Cariri teve a honra e a oportunidade de iniciar com sucesso em projeto de enfrentamento a esse per\u00edodo pand\u00eamico que enfrentamos. Est\u00e1 de parab\u00e9ns a Caixa de Assist\u00eancias dos Advogados, bem com a Subse\u00e7\u00e3o do Cariri pelo sucesso da campanha na regi\u00e3o\u201d, declarou.<\/p>\n\n\n\n<p>O presidente da CAA-PB, Assis Almeida, por sua vez, agradeceu a Taua e Edvaldo Bezerra pelo reconhecimento do trabalho da Caixa de Assist\u00eancia. Ele ratificou que a Caravana de Vacina\u00e7\u00e3o da CAA para diversas Cidades do interior, al\u00e9m daquelas correspondentes \u00e0s sedes das Subse\u00e7\u00f5es, representa a interioriza\u00e7\u00e3o no seu conceito mais genu\u00edno, pois de fato aproxima cada vez mais seus servi\u00e7os das long\u00ednquas localidades onde o advogado exerce sua profiss\u00e3o.<\/p>\n\n\n\n<p>\u201cA interioriza\u00e7\u00e3o da CAA deixou de ser apenas promessa de campanha. A estrat\u00e9gia da nossa gest\u00e3o \u00e9, juntamente com a Seccional, levar os mais variados produtos e servi\u00e7os para a advocacia de todo o Estado\u201d, finalizou Assis Almeida.<\/p>\n","protected":false},"excerpt":{"rendered":"<p>A Caixa de Assist\u00eancia dos Advogados da Para\u00edba (CAA-PB) iniciou, nesta quinta-feira (02), dando continuidade ao seu projeto de interioriza\u00e7\u00e3o, iniciou, nesta quinta-feira (02), a&hellip; <\/p>\n","protected":false},"author":2,"featured_media":177140,"comment_status":"closed","ping_status":"closed","sticky":false,"template":"","format":"standard","meta":{"sfsi_plus_gutenberg_text_before_share":"","sfsi_plus_gutenberg_show_text_before_share":"","sfsi_plus_gutenberg_icon_type":"","sfsi_plus_gutenberg_icon_alignemt":"","sfsi_plus_gutenburg_max_per_row":"","footnotes":""},"categories":[2],"tags":[],"class_list":["post-177139","post","type-post","status-publish","format-standard","has-post-thumbnail","hentry","category-geral"],"_links":{"self":[{"href":"https:\/\/www.caririemacao.com\/1\/wp-json\/wp\/v2\/posts\/177139","targetHints":{"allow":["GET"]}}],"collection":[{"href":"https:\/\/www.caririemacao.com\/1\/wp-json\/wp\/v2\/posts"}],"about":[{"href":"https:\/\/www.caririemacao.com\/1\/wp-json\/wp\/v2\/types\/post"}],"author":[{"embeddable":true,"href":"https:\/\/www.caririemacao.com\/1\/wp-json\/wp\/v2\/users\/2"}],"replies":[{"embeddable":true,"href":"https:\/\/www.caririemacao.com\/1\/wp-json\/wp\/v2\/comments?post=177139"}],"version-history":[{"count":1,"href":"https:\/\/www.caririemacao.com\/1\/wp-json\/wp\/v2\/posts\/177139\/revisions"}],"predecessor-version":[{"id":177141,"href":"https:\/\/www.caririemacao.com\/1\/wp-json\/wp\/v2\/posts\/177139\/revisions\/177141"}],"wp:featuredmedia":[{"embeddable":true,"href":"https:\/\/www.caririemacao.com\/1\/wp-json\/wp\/v2\/media\/177140"}],"wp:attachment":[{"href":"https:\/\/www.caririemacao.com\/1\/wp-json\/wp\/v2\/media?parent=177139"}],"wp:term":[{"taxonomy":"category","embeddable":true,"href":"https:\/\/www.caririemacao.com\/1\/wp-json\/wp\/v2\/categories?post=177139"},{"taxonomy":"post_tag","embeddable":true,"href":"https:\/\/www.caririemacao.com\/1\/wp-json\/wp\/v2\/tags?post=177139"}],"curies":[{"name":"wp","href":"https:\/\/api.w.org\/{rel}","templated":true}]}}