{"id":177143,"date":"2020-07-03T14:10:31","date_gmt":"2020-07-03T17:10:31","guid":{"rendered":"https:\/\/www.caririemacao.com\/1\/?p=177143"},"modified":"2020-07-03T14:10:31","modified_gmt":"2020-07-03T17:10:31","slug":"cestas-basicas-dos-alunos-da-rede-estadual-sao-entregue-com-supervisao-da-secretaria-de-saude-e-vigilancia-sanitaria-no-amparo","status":"publish","type":"post","link":"https:\/\/www.caririemacao.com\/1\/2020\/07\/03\/cestas-basicas-dos-alunos-da-rede-estadual-sao-entregue-com-supervisao-da-secretaria-de-saude-e-vigilancia-sanitaria-no-amparo\/","title":{"rendered":"Cestas b\u00e1sicas dos alunos da Rede Estadual s\u00e3o entregue com supervis\u00e3o da Secretaria de Sa\u00fade e Vigil\u00e2ncia Sanit\u00e1ria no Amparo"},"content":{"rendered":"\n<h3 class=\"wp-block-heading\"><\/h3>\n\n\n\n<figure class=\"wp-block-image\"><img decoding=\"async\" data-src=\"https:\/\/1.bp.blogspot.com\/-GFQkZpnCnBY\/Xv4YrbWibGI\/AAAAAAABPeo\/4nJktQdYmWAfSmZWzsfohK-ClCceGHSnACLcBGAsYHQ\/s280\/rede-estadual-de-ensino%2B%252827%2529.JPG\" alt=\"\" src=\"data:image\/svg+xml;base64,PHN2ZyB3aWR0aD0iMSIgaGVpZ2h0PSIxIiB4bWxucz0iaHR0cDovL3d3dy53My5vcmcvMjAwMC9zdmciPjwvc3ZnPg==\" class=\"lazyload\" \/><\/figure>\n\n\n\n<p>A Secretaria de Sa\u00fade de Amparo junto com a Vigil\u00e2ncia Sanit\u00e1ria estiveram acompanhando a entrega de Cestas B\u00e1sicas doadas pelo Governo do Estado para os alunos da Rede Estadual de Ensino.<br>Todos os alunos do 1\u00ba ao 3\u00ba Ano do Ensino m\u00e9dio e tamb\u00e9m do EJA receberam as cestas.<br>A Secret\u00e1ria Ver\u00f4nica, junto com a Coordenadora de Vigil\u00e2ncia Sanit\u00e1ria Aracelly Oliveira e a Bombeira Civil Eduarda Rafael organizaram e controlaram a entrega junto \u00e0 equipe de apoio da escola, mantendo o espa\u00e7amento entre as pessoas, passando \u00e1lcool em gel e fazendo aferi\u00e7\u00e3o de temperatura corporal.<\/p>\n","protected":false},"excerpt":{"rendered":"<p>A Secretaria de Sa\u00fade de Amparo junto com a Vigil\u00e2ncia Sanit\u00e1ria estiveram acompanhando a entrega de Cestas B\u00e1sicas doadas pelo Governo do Estado para os&hellip; <\/p>\n","protected":false},"author":2,"featured_media":177144,"comment_status":"closed","ping_status":"closed","sticky":false,"template":"","format":"standard","meta":{"sfsi_plus_gutenberg_text_before_share":"","sfsi_plus_gutenberg_show_text_before_share":"","sfsi_plus_gutenberg_icon_type":"","sfsi_plus_gutenberg_icon_alignemt":"","sfsi_plus_gutenburg_max_per_row":"","footnotes":""},"categories":[2],"tags":[],"class_list":["post-177143","post","type-post","status-publish","format-standard","has-post-thumbnail","hentry","category-geral"],"_links":{"self":[{"href":"https:\/\/www.caririemacao.com\/1\/wp-json\/wp\/v2\/posts\/177143","targetHints":{"allow":["GET"]}}],"collection":[{"href":"https:\/\/www.caririemacao.com\/1\/wp-json\/wp\/v2\/posts"}],"about":[{"href":"https:\/\/www.caririemacao.com\/1\/wp-json\/wp\/v2\/types\/post"}],"author":[{"embeddable":true,"href":"https:\/\/www.caririemacao.com\/1\/wp-json\/wp\/v2\/users\/2"}],"replies":[{"embeddable":true,"href":"https:\/\/www.caririemacao.com\/1\/wp-json\/wp\/v2\/comments?post=177143"}],"version-history":[{"count":1,"href":"https:\/\/www.caririemacao.com\/1\/wp-json\/wp\/v2\/posts\/177143\/revisions"}],"predecessor-version":[{"id":177145,"href":"https:\/\/www.caririemacao.com\/1\/wp-json\/wp\/v2\/posts\/177143\/revisions\/177145"}],"wp:featuredmedia":[{"embeddable":true,"href":"https:\/\/www.caririemacao.com\/1\/wp-json\/wp\/v2\/media\/177144"}],"wp:attachment":[{"href":"https:\/\/www.caririemacao.com\/1\/wp-json\/wp\/v2\/media?parent=177143"}],"wp:term":[{"taxonomy":"category","embeddable":true,"href":"https:\/\/www.caririemacao.com\/1\/wp-json\/wp\/v2\/categories?post=177143"},{"taxonomy":"post_tag","embeddable":true,"href":"https:\/\/www.caririemacao.com\/1\/wp-json\/wp\/v2\/tags?post=177143"}],"curies":[{"name":"wp","href":"https:\/\/api.w.org\/{rel}","templated":true}]}}