{"id":177147,"date":"2020-07-03T14:14:27","date_gmt":"2020-07-03T17:14:27","guid":{"rendered":"https:\/\/www.caririemacao.com\/1\/?p=177147"},"modified":"2020-07-03T14:14:27","modified_gmt":"2020-07-03T17:14:27","slug":"arcoverde-confirma-mais-dois-obitos-e-esta-prestes-e-chegar-aos-300-casos","status":"publish","type":"post","link":"https:\/\/www.caririemacao.com\/1\/2020\/07\/03\/arcoverde-confirma-mais-dois-obitos-e-esta-prestes-e-chegar-aos-300-casos\/","title":{"rendered":"Arcoverde confirma mais dois \u00f3bitos e est\u00e1 prestes e chegar aos 300 casos"},"content":{"rendered":"\n<h3 class=\"wp-block-heading\"><\/h3>\n\n\n\n<p>A Secretaria de Sa\u00fade de Arcoverde informa que, nesta quinta-feira, 02 de julho, at\u00e9 \u00e0s 17 horas, foram confirmados treze (13) novos casos de Covid-19, mais dois \u00f3bitos e dois recuperados.&nbsp;<br>O boletim di\u00e1rio, portanto, fica com vinte e um (21) suspeitos, quatrocentos e noventa e sete (497) descartados, duzentos e noventa e quatro (294) confirmados, vinte e dois (22) \u00f3bitos e cento e trinta (130) recuperados.<br>Vale lembrar, que dentro dos 294 confirmados, est\u00e3o contabilizados os 22 \u00f3bitos e 130 curados. No total, a cidade tem um (01) paciente em UTI e quatro (04) em enfermaria.<br>No Hospital Regional Ruy de Barros Correia, n\u00e3o h\u00e1 paciente de Arcoverde na UTI e h\u00e1 um (01) na enfermaria. No Hospital de Campanha h\u00e1 tr\u00eas (03) internados. No Hospital Memorial Arcoverde h\u00e1 um (01) paciente na UTI.<br>As barreiras da entrada da cidade abordaram 1037 carros de fora. Em Pernambuco, foram confirmados 1414 novos casos e 74 mortes, totalizando 61.119 positivos e 4.968 \u00f3bitos.<strong><br><\/strong><strong>COM JORNALPORTALDOSERT\u00c3O<\/strong><\/p>\n","protected":false},"excerpt":{"rendered":"<p>A Secretaria de Sa\u00fade de Arcoverde informa que, nesta quinta-feira, 02 de julho, at\u00e9 \u00e0s 17 horas, foram confirmados treze (13) novos casos de Covid-19,&hellip; <\/p>\n","protected":false},"author":2,"featured_media":177148,"comment_status":"closed","ping_status":"closed","sticky":false,"template":"","format":"standard","meta":{"sfsi_plus_gutenberg_text_before_share":"","sfsi_plus_gutenberg_show_text_before_share":"","sfsi_plus_gutenberg_icon_type":"","sfsi_plus_gutenberg_icon_alignemt":"","sfsi_plus_gutenburg_max_per_row":"","footnotes":""},"categories":[2],"tags":[],"class_list":["post-177147","post","type-post","status-publish","format-standard","has-post-thumbnail","hentry","category-geral"],"_links":{"self":[{"href":"https:\/\/www.caririemacao.com\/1\/wp-json\/wp\/v2\/posts\/177147","targetHints":{"allow":["GET"]}}],"collection":[{"href":"https:\/\/www.caririemacao.com\/1\/wp-json\/wp\/v2\/posts"}],"about":[{"href":"https:\/\/www.caririemacao.com\/1\/wp-json\/wp\/v2\/types\/post"}],"author":[{"embeddable":true,"href":"https:\/\/www.caririemacao.com\/1\/wp-json\/wp\/v2\/users\/2"}],"replies":[{"embeddable":true,"href":"https:\/\/www.caririemacao.com\/1\/wp-json\/wp\/v2\/comments?post=177147"}],"version-history":[{"count":1,"href":"https:\/\/www.caririemacao.com\/1\/wp-json\/wp\/v2\/posts\/177147\/revisions"}],"predecessor-version":[{"id":177149,"href":"https:\/\/www.caririemacao.com\/1\/wp-json\/wp\/v2\/posts\/177147\/revisions\/177149"}],"wp:featuredmedia":[{"embeddable":true,"href":"https:\/\/www.caririemacao.com\/1\/wp-json\/wp\/v2\/media\/177148"}],"wp:attachment":[{"href":"https:\/\/www.caririemacao.com\/1\/wp-json\/wp\/v2\/media?parent=177147"}],"wp:term":[{"taxonomy":"category","embeddable":true,"href":"https:\/\/www.caririemacao.com\/1\/wp-json\/wp\/v2\/categories?post=177147"},{"taxonomy":"post_tag","embeddable":true,"href":"https:\/\/www.caririemacao.com\/1\/wp-json\/wp\/v2\/tags?post=177147"}],"curies":[{"name":"wp","href":"https:\/\/api.w.org\/{rel}","templated":true}]}}