{"id":177156,"date":"2020-07-03T14:46:52","date_gmt":"2020-07-03T17:46:52","guid":{"rendered":"https:\/\/www.caririemacao.com\/1\/?p=177156"},"modified":"2020-07-03T14:46:52","modified_gmt":"2020-07-03T17:46:52","slug":"presidente-bolsonaro-anuncia-o-nome-do-novo-ministro-da-educacao","status":"publish","type":"post","link":"https:\/\/www.caririemacao.com\/1\/2020\/07\/03\/presidente-bolsonaro-anuncia-o-nome-do-novo-ministro-da-educacao\/","title":{"rendered":"Presidente Bolsonaro anuncia o nome do novo ministro da Educa\u00e7\u00e3o"},"content":{"rendered":"\n<h1 class=\"wp-block-heading\"><\/h1>\n\n\n\n<p>Antes de Carlos Decotelli ser anunciado, na semana passada, Feder chegou a ser um dos mais cotados para chefiar o minist\u00e9rio.<\/p>\n\n\n\n<p>Na ocasi\u00e3o, pesou contra o seu nome o fato de ele ter sido um dos principais doadores da campanha de Jo\u00e3o Doria ao governo de S\u00e3o Paulo, em 2018.<\/p>\n\n\n\n<p>Nesta semana, ap\u00f3s Decotelli pedir demiss\u00e3o do cargo, o secret\u00e1rio do Paran\u00e1 voltou a se mexer. Feder telefonou para o ministro da Secretaria de Governo, Luiz Eduardo Ramos, falando sobre seu interesse em ser ministro.<\/p>\n\n\n\n<p>O empres\u00e1rio tamb\u00e9m buscou contato com Olavo de Carvalho por meio de alunos do escritor, mas o considerado guru ideol\u00f3gico do governo n\u00e3o deu retorno a ele, segundo aliados.<\/p>\n\n\n\n<p>Al\u00e9m de Feder, Anderson Correia, atual reitor do ITA (Instituto Tecnol\u00f3gico de Aeron\u00e1utica), foi sondado por assessores de Bolsonaro e enviou o curr\u00edculo para an\u00e1lise, mas n\u00e3o teve resposta positiva do governo.<\/p>\n\n\n\n<p>Outros nomes tamb\u00e9m fora cotados. Entre eles, o ex-assessor do Minist\u00e9rio da Educa\u00e7\u00e3o S\u00e9rgio Sant\u2019Ana e o conselheiro do CNE (Conselho Nacional de Educa\u00e7\u00e3o) Antonio Freitas, que \u00e9 pr\u00f3-reitor na FGV e cujo nome aparecia como orientador do doutorado n\u00e3o realizado por Decotelli.<\/p>\n","protected":false},"excerpt":{"rendered":"<p>Antes de Carlos Decotelli ser anunciado, na semana passada, Feder chegou a ser um dos mais cotados para chefiar o minist\u00e9rio. Na ocasi\u00e3o, pesou contra&hellip; <\/p>\n","protected":false},"author":2,"featured_media":177157,"comment_status":"closed","ping_status":"closed","sticky":false,"template":"","format":"standard","meta":{"sfsi_plus_gutenberg_text_before_share":"","sfsi_plus_gutenberg_show_text_before_share":"","sfsi_plus_gutenberg_icon_type":"","sfsi_plus_gutenberg_icon_alignemt":"","sfsi_plus_gutenburg_max_per_row":"","footnotes":""},"categories":[2],"tags":[],"class_list":["post-177156","post","type-post","status-publish","format-standard","has-post-thumbnail","hentry","category-geral"],"_links":{"self":[{"href":"https:\/\/www.caririemacao.com\/1\/wp-json\/wp\/v2\/posts\/177156","targetHints":{"allow":["GET"]}}],"collection":[{"href":"https:\/\/www.caririemacao.com\/1\/wp-json\/wp\/v2\/posts"}],"about":[{"href":"https:\/\/www.caririemacao.com\/1\/wp-json\/wp\/v2\/types\/post"}],"author":[{"embeddable":true,"href":"https:\/\/www.caririemacao.com\/1\/wp-json\/wp\/v2\/users\/2"}],"replies":[{"embeddable":true,"href":"https:\/\/www.caririemacao.com\/1\/wp-json\/wp\/v2\/comments?post=177156"}],"version-history":[{"count":1,"href":"https:\/\/www.caririemacao.com\/1\/wp-json\/wp\/v2\/posts\/177156\/revisions"}],"predecessor-version":[{"id":177158,"href":"https:\/\/www.caririemacao.com\/1\/wp-json\/wp\/v2\/posts\/177156\/revisions\/177158"}],"wp:featuredmedia":[{"embeddable":true,"href":"https:\/\/www.caririemacao.com\/1\/wp-json\/wp\/v2\/media\/177157"}],"wp:attachment":[{"href":"https:\/\/www.caririemacao.com\/1\/wp-json\/wp\/v2\/media?parent=177156"}],"wp:term":[{"taxonomy":"category","embeddable":true,"href":"https:\/\/www.caririemacao.com\/1\/wp-json\/wp\/v2\/categories?post=177156"},{"taxonomy":"post_tag","embeddable":true,"href":"https:\/\/www.caririemacao.com\/1\/wp-json\/wp\/v2\/tags?post=177156"}],"curies":[{"name":"wp","href":"https:\/\/api.w.org\/{rel}","templated":true}]}}