{"id":177164,"date":"2020-07-03T14:55:49","date_gmt":"2020-07-03T17:55:49","guid":{"rendered":"https:\/\/www.caririemacao.com\/1\/?p=177164"},"modified":"2020-07-03T14:55:49","modified_gmt":"2020-07-03T17:55:49","slug":"com-digitalizacao-de-salas-de-aula-pandemia-acentua-exclusao-escolar","status":"publish","type":"post","link":"https:\/\/www.caririemacao.com\/1\/2020\/07\/03\/com-digitalizacao-de-salas-de-aula-pandemia-acentua-exclusao-escolar\/","title":{"rendered":"Com digitaliza\u00e7\u00e3o de salas de aula, pandemia acentua exclus\u00e3o escolar"},"content":{"rendered":"\n<h2 class=\"wp-block-heading\"><\/h2>\n\n\n\n<p>Em relat\u00f3rio divulgado na \u00faltima semana&nbsp;de junho, a Organiza\u00e7\u00e3o das Na\u00e7\u00f5es Unidas para a Educa\u00e7\u00e3o, a Ci\u00eancia e a Cultura (Unesco) informou&nbsp;que&nbsp;40% de um grupo de mais de 200 pa\u00edses n\u00e3o t\u00eam como oferecer apoio a estudantes no ensino a dist\u00e2ncia, durante a pandemia. Na descri\u00e7\u00e3o sobre o Brasil, foram feitas observa\u00e7\u00f5es quanto a escolas que aprovam estudantes que n\u00e3o assimilaram de fato os conte\u00fados e a barreiras enfrentadas pela parcela negra, definidas como \u201clegado de oportunidades limitadas de educa\u00e7\u00e3o\u201d.<img decoding=\"async\" data-src=\"https:\/\/agenciabrasil.ebc.com.br\/ebc.png?id=1310810&amp;o=node\" src=\"data:image\/svg+xml;base64,PHN2ZyB3aWR0aD0iMSIgaGVpZ2h0PSIxIiB4bWxucz0iaHR0cDovL3d3dy53My5vcmcvMjAwMC9zdmciPjwvc3ZnPg==\" class=\"lazyload\"><\/p>\n\n\n\n<p>Em abril, o&nbsp;Fundo das Na\u00e7\u00f5es Unidas para a Inf\u00e2ncia (Unicef) e o Programa Mundial de Alimenta\u00e7\u00e3o (PMA) estimaram&nbsp;que cerca de 370 milh\u00f5es de crian\u00e7as poderiam ficar sem merenda, como resultado do fechamento das escolas ao longo da crise sanit\u00e1ria. Os n\u00fameros mostram como alunos socialmente vulner\u00e1veis acabam enfrentando mais obst\u00e1culos no contexto atual. Agora, a exclus\u00e3o escolar se amplia com a falta de acesso \u00e0 internet. Apesar de ser adotada pelas redes p\u00fablicas de ensino, como forma&nbsp;de garantir que os estudantes possam dar continuidade aos estudos, a ferramenta n\u00e3o est\u00e1 ao alcance de todos, que precisam utiliz\u00e1-la para complementar materiais impressos, assistir a aulas&nbsp;<em>online<\/em>, resolver exerc\u00edcios ou manter contato com os professores.<\/p>\n\n\n\n<p>Em algumas unidades federativas, como o Distrito Federal, a&nbsp;<a href=\"https:\/\/agenciabrasil.ebc.com.br\/saude\/noticia\/2020-07\/covid-19-governo-de-brasilia-anuncia-reabertura-de-bares-e-escolas\" target=\"_blank\" rel=\"noreferrer noopener\">volta \u00e0s aulas<\/a>&nbsp;j\u00e1 foi anunciada.<\/p>\n\n\n\n<p>O governo estadual de S\u00e3o Paulo programou o retorno das&nbsp;<a href=\"https:\/\/saopaulo.sp.gov.br\/wp-content\/uploads\/2020\/06\/Apresentacao_plano-retorno-educacao.pdf\" target=\"_blank\" rel=\"noreferrer noopener\">aulas presenciais<\/a>&nbsp;para&nbsp;8 de setembro Na primeira etapa, a ocupa\u00e7\u00e3o das salas de aula deve ser de, no m\u00e1ximo, 35%. At\u00e9 que todos os alunos possam voltar, a orienta\u00e7\u00e3o \u00e9 de que acompanhem as aulas remotas, a partir da plataforma virtual&nbsp;Centro de M\u00eddias SP, e se cadastrem para&nbsp;ter&nbsp;acesso gratuito \u00e0&nbsp;internet, poss\u00edvel por meio de aplicativo.<\/p>\n\n\n\n<h2 class=\"wp-block-heading\">Percep\u00e7\u00e3o dos estudantes<\/h2>\n\n\n\n<p>Para a m\u00e9dica Talita Amaro, que coordena o cursinho pr\u00e9-vestibular&nbsp;popular Mafalda, vinculado \u00e0 Associa\u00e7\u00e3o Beneficente&nbsp;Meraki, o que as secretarias municipais e estaduais de Educa\u00e7\u00e3o est\u00e3o oferecendo aos estudantes n\u00e3o pode ser classificado como ensino a dist\u00e2ncia, porque ele pressup\u00f5e a exist\u00eancia de uma &#8220;constru\u00e7\u00e3o do conhecimento em fases&#8221;. Em um levantamento do qual participaram 192 alunos matriculados, a organiza\u00e7\u00e3o do cursinho apurou que&nbsp;48% t\u00eam aulas regulares (ensino m\u00e9dio ou t\u00e9cnico) e exerc\u00edcios&nbsp;<em>online<\/em>, 16% apenas algumas disciplinas ou exerc\u00edcios&nbsp;<em>online<\/em>&nbsp;e 3% n\u00e3o t\u00eam nem aulas, nem exerc\u00edcios disponibilizados pela escola. Outro dado importante \u00e9 que 67% declararam que n\u00e3o t\u00eam aprendido tanto em ambiente virtual quanto presencialmente.&nbsp;<\/p>\n\n\n\n<p>As maiores dificuldades citadas foram concentra\u00e7\u00e3o e disciplina&nbsp;(74%),&nbsp;privacidade (51%),&nbsp;cumprir a carga hor\u00e1ria&nbsp;(44%)&nbsp;e cansa\u00e7o com a rotina de aulas pela internet&nbsp;(43%). A depend\u00eancia dos recursos tecnol\u00f3gicos e o distanciamento dos educadores foram fatores indicados como negativos pela maioria dos entrevistados &#8211; 75% e 96%, respectivamente.<\/p>\n\n\n\n<p>&#8220;O ensino a dist\u00e2ncia tem estrutura pedag\u00f3gica espec\u00edfica. Voc\u00ea n\u00e3o chega simplesmente, d\u00e1 uma aula para o aluno e acha que aquilo substitui qualquer outra atividade. \u00c9 um ensino progressivo. Toda vez que voc\u00ea se matricula em um curso&nbsp;<em>online<\/em>, ele tem uma estrutura preconcebida, que foi pensada no seu desenvolvimento. Ent\u00e3o, voc\u00ea inicia com texto-base, faz algumas atividades avaliativas, assiste a aula, mas tem, constantemente, um&nbsp;<em>feedback<\/em>&#8220;, afirma.&nbsp;<\/p>\n\n\n\n<p>Kayume da Silva, de 26 anos, concluiu o ensino m\u00e9dio em 2013, com supletivo. Sua av\u00f3 materna n\u00e3o teve a oportunidade de estudar e sua m\u00e3e completou apenas a 4\u00aa s\u00e9rie do ensino fundamental. Atualmente, a jovem, que \u00e9 m\u00e3e de tr\u00eas filhos, diz que \u00e9 dif\u00edcil conciliar cuidados&nbsp;dom\u00e9sticos com a maternidade e uma rotina de estudos.&nbsp;<\/p>\n\n\n\n<p>Seu plano \u00e9&nbsp;ter&nbsp;o diploma de um curso t\u00e9cnico em gest\u00e3o p\u00fablica que, para ela, pode ser um atalho para ingressar no mercado de trabalho. Atualmente, ela \u00e9 uma das alunas matriculadas no cursinho pr\u00e9-vestibular da Rede Emancipa, movimento social de educa\u00e7\u00e3o popular com unidades em todo o Brasil.<\/p>\n\n\n\n<p>&#8220;Gosto de estudar na parte da tarde, mas ontem, por exemplo, vi que tinha de lavar roupa, fazer almo\u00e7o. Quando vi, estudei muito pouco. Tenho uma filha de 4 anos e isso me atrapalha muito. N\u00e3o consigo estudar tr\u00eas, quatro, cinco horas, focar&#8221;, conta Kayume.<\/p>\n\n\n\n<p>Para a universit\u00e1ria Heloisa Ramos, que cursa qu\u00edmica industrial e d\u00e1 aulas no cursinho da Rede Emancipa desde 2018, \u00e9 bastante percept\u00edvel a quantidade de desist\u00eancia de alunos. As turmas, segundo ela, reuniam cerca de 400 pessoas matriculadas, n\u00famero que j\u00e1 chegou a cair para 15&nbsp;com a pandemia. Durante os intervalos das aulas, que duravam 50 minutos e eram dadas quinzenalmente, aos s\u00e1bados, ela tirava d\u00favidas das turmas.&nbsp;Hoje, as aulas ocorrem uma vez por semana. Na&nbsp;sexta-feira, Heloisa abre um espa\u00e7o para que os alunos tirem d\u00favidas sobre a mat\u00e9ria dada.&nbsp;<\/p>\n\n\n\n<p>&#8220;Se antes da pandemia j\u00e1 existia evas\u00e3o, com ela \u00e9 uma coisa absurda. A gente perguntou a eles: o que est\u00e1 acontecendo? \u00c9 por causa da plataforma? \u00c9 a forma? \u00c9 por falta de acesso \u00e0 internet? As respostas foram variadas. Muitos trabalham no hor\u00e1rio das aulas, outros t\u00eam um pacote de dados que n\u00e3o permite que possam participar de tantas&nbsp;<em>lives<\/em>&nbsp;[transmiss\u00f5es ao vivo], al\u00e9m de dificuldades financeiras, porque muita gente perdeu o emprego e n\u00e3o tinha como pagar pela internet, tinha familiares doentes. N\u00e3o h\u00e1 somente a quest\u00e3o financeira, mas tamb\u00e9m a psicol\u00f3gica e, para os alunos perif\u00e9ricos, isso se agrava muito mais&#8221;, acrescenta.&nbsp;<\/p>\n\n\n\n<p>&#8220;No cursinho tem muito aluno do ensino m\u00e9dio, mas tamb\u00e9m gente que j\u00e1 saiu da escola h\u00e1 muitos anos ou que veio da EJA, Educa\u00e7\u00e3o de Jovens e Adultos. S\u00e3o alunos que t\u00eam muitas dificuldades. Ent\u00e3o, \u00e0s vezes, a gente est\u00e1 falando de um assunto que o aluno nunca viu na vida, ele fica desesperado, acaba desanimando e desiste&#8221;, afirma.&nbsp;<\/p>\n","protected":false},"excerpt":{"rendered":"<p>Em relat\u00f3rio divulgado na \u00faltima semana&nbsp;de junho, a Organiza\u00e7\u00e3o das Na\u00e7\u00f5es Unidas para a Educa\u00e7\u00e3o, a Ci\u00eancia e a Cultura (Unesco) informou&nbsp;que&nbsp;40% de um grupo&hellip; <\/p>\n","protected":false},"author":2,"featured_media":177165,"comment_status":"closed","ping_status":"closed","sticky":false,"template":"","format":"standard","meta":{"sfsi_plus_gutenberg_text_before_share":"","sfsi_plus_gutenberg_show_text_before_share":"","sfsi_plus_gutenberg_icon_type":"","sfsi_plus_gutenberg_icon_alignemt":"","sfsi_plus_gutenburg_max_per_row":"","footnotes":""},"categories":[2],"tags":[],"class_list":["post-177164","post","type-post","status-publish","format-standard","has-post-thumbnail","hentry","category-geral"],"_links":{"self":[{"href":"https:\/\/www.caririemacao.com\/1\/wp-json\/wp\/v2\/posts\/177164","targetHints":{"allow":["GET"]}}],"collection":[{"href":"https:\/\/www.caririemacao.com\/1\/wp-json\/wp\/v2\/posts"}],"about":[{"href":"https:\/\/www.caririemacao.com\/1\/wp-json\/wp\/v2\/types\/post"}],"author":[{"embeddable":true,"href":"https:\/\/www.caririemacao.com\/1\/wp-json\/wp\/v2\/users\/2"}],"replies":[{"embeddable":true,"href":"https:\/\/www.caririemacao.com\/1\/wp-json\/wp\/v2\/comments?post=177164"}],"version-history":[{"count":1,"href":"https:\/\/www.caririemacao.com\/1\/wp-json\/wp\/v2\/posts\/177164\/revisions"}],"predecessor-version":[{"id":177166,"href":"https:\/\/www.caririemacao.com\/1\/wp-json\/wp\/v2\/posts\/177164\/revisions\/177166"}],"wp:featuredmedia":[{"embeddable":true,"href":"https:\/\/www.caririemacao.com\/1\/wp-json\/wp\/v2\/media\/177165"}],"wp:attachment":[{"href":"https:\/\/www.caririemacao.com\/1\/wp-json\/wp\/v2\/media?parent=177164"}],"wp:term":[{"taxonomy":"category","embeddable":true,"href":"https:\/\/www.caririemacao.com\/1\/wp-json\/wp\/v2\/categories?post=177164"},{"taxonomy":"post_tag","embeddable":true,"href":"https:\/\/www.caririemacao.com\/1\/wp-json\/wp\/v2\/tags?post=177164"}],"curies":[{"name":"wp","href":"https:\/\/api.w.org\/{rel}","templated":true}]}}