{"id":177176,"date":"2020-07-04T01:43:45","date_gmt":"2020-07-04T04:43:45","guid":{"rendered":"https:\/\/www.caririemacao.com\/1\/?p=177176"},"modified":"2020-07-04T01:43:45","modified_gmt":"2020-07-04T04:43:45","slug":"programa-cariri-em-acao-advogado-esclarece-mudancas-no-novo-calendario-eleitoral-assista-programa-deste-sabado","status":"publish","type":"post","link":"https:\/\/www.caririemacao.com\/1\/2020\/07\/04\/programa-cariri-em-acao-advogado-esclarece-mudancas-no-novo-calendario-eleitoral-assista-programa-deste-sabado\/","title":{"rendered":"PROGRAMA CARIRI EM A\u00c7\u00c3O: Advogado esclarece mudan\u00e7as no novo calend\u00e1rio eleitoral; assista programa deste s\u00e1bado"},"content":{"rendered":"\n<p>O advogado Jota J\u00fanior estar\u00e1 neste s\u00e1bado, dia 04, participando do Programa Cariri em A\u00e7\u00e3o para esclarecer e tirar algumas d\u00favidas sobre a mudan\u00e7a do calend\u00e1rio eleitoral diante da altera\u00e7\u00e3o da data do pleito em 2020, decorrente da pandemia da Covid-19.\u00a0<\/p>\n\n\n\n<p>Marcada para o m\u00eas de outubro pela pr\u00f3pria Constitui\u00e7\u00e3o Federal, agora as elei\u00e7\u00f5es ir\u00e3o ocorrer nos dias 15 e 29 de novembro, primeiro e segundo turno respectivamente.<\/p>\n\n\n\n<p>O programa Cariri em A\u00e7\u00e3o apresentado pelo jornalista e radialista Marivaldo Alc\u00e2ntara vai ao ar a partir das 08h e contar\u00e1 com a sua participa\u00e7\u00e3o atrav\u00e9s das redes sociais INSTAGRAM: <a href=\"https:\/\/instagram.com\/cariri_em_acao?igshid=16mw3c1y521qi\">https:\/\/instagram.com\/cariri_em_acao?igshid=16mw3c1y521qi<\/a> e Facebook: <a href=\"https:\/\/www.facebook.com\/CaririEmAcao\">https:\/\/www.facebook.com\/CaririEmAcao<\/a>, al\u00e9m de ser veiculado pela R\u00e1dio Cidade de Sum\u00e9 (95 FM).<\/p>\n","protected":false},"excerpt":{"rendered":"<p>O advogado Jota J\u00fanior estar\u00e1 neste s\u00e1bado, dia 04, participando do Programa Cariri em A\u00e7\u00e3o para esclarecer e tirar algumas d\u00favidas sobre a mudan\u00e7a do&hellip; <\/p>\n","protected":false},"author":1,"featured_media":177177,"comment_status":"closed","ping_status":"closed","sticky":false,"template":"","format":"standard","meta":{"sfsi_plus_gutenberg_text_before_share":"","sfsi_plus_gutenberg_show_text_before_share":"","sfsi_plus_gutenberg_icon_type":"","sfsi_plus_gutenberg_icon_alignemt":"","sfsi_plus_gutenburg_max_per_row":"","footnotes":""},"categories":[50],"tags":[],"class_list":["post-177176","post","type-post","status-publish","format-standard","has-post-thumbnail","hentry","category-destaque"],"_links":{"self":[{"href":"https:\/\/www.caririemacao.com\/1\/wp-json\/wp\/v2\/posts\/177176","targetHints":{"allow":["GET"]}}],"collection":[{"href":"https:\/\/www.caririemacao.com\/1\/wp-json\/wp\/v2\/posts"}],"about":[{"href":"https:\/\/www.caririemacao.com\/1\/wp-json\/wp\/v2\/types\/post"}],"author":[{"embeddable":true,"href":"https:\/\/www.caririemacao.com\/1\/wp-json\/wp\/v2\/users\/1"}],"replies":[{"embeddable":true,"href":"https:\/\/www.caririemacao.com\/1\/wp-json\/wp\/v2\/comments?post=177176"}],"version-history":[{"count":1,"href":"https:\/\/www.caririemacao.com\/1\/wp-json\/wp\/v2\/posts\/177176\/revisions"}],"predecessor-version":[{"id":177178,"href":"https:\/\/www.caririemacao.com\/1\/wp-json\/wp\/v2\/posts\/177176\/revisions\/177178"}],"wp:featuredmedia":[{"embeddable":true,"href":"https:\/\/www.caririemacao.com\/1\/wp-json\/wp\/v2\/media\/177177"}],"wp:attachment":[{"href":"https:\/\/www.caririemacao.com\/1\/wp-json\/wp\/v2\/media?parent=177176"}],"wp:term":[{"taxonomy":"category","embeddable":true,"href":"https:\/\/www.caririemacao.com\/1\/wp-json\/wp\/v2\/categories?post=177176"},{"taxonomy":"post_tag","embeddable":true,"href":"https:\/\/www.caririemacao.com\/1\/wp-json\/wp\/v2\/tags?post=177176"}],"curies":[{"name":"wp","href":"https:\/\/api.w.org\/{rel}","templated":true}]}}