{"id":177179,"date":"2020-07-04T06:05:06","date_gmt":"2020-07-04T09:05:06","guid":{"rendered":"https:\/\/www.caririemacao.com\/1\/?p=177179"},"modified":"2020-07-04T06:05:06","modified_gmt":"2020-07-04T09:05:06","slug":"paraiba-confirma-1-229-novos-casos-de-covid-19-em-24h-total-de-mortes-chega-a-1-062-e-50-765-infectados","status":"publish","type":"post","link":"https:\/\/www.caririemacao.com\/1\/2020\/07\/04\/paraiba-confirma-1-229-novos-casos-de-covid-19-em-24h-total-de-mortes-chega-a-1-062-e-50-765-infectados\/","title":{"rendered":"Para\u00edba confirma 1.229 novos casos de Covid-19 em 24h; total de mortes chega a 1.062 e 50.765 infectados"},"content":{"rendered":"\n<h1 class=\"wp-block-heading\"><\/h1>\n\n\n\n<p>A Para\u00edba registrou 1.229 novos casos de Covid-19 e 18 \u00f3bitos confirmados desde a \u00faltima atualiza\u00e7\u00e3o, todos eles ocorridos entre 26 de maio e 30 de junho. A informa\u00e7\u00e3o foi divulgada no fim da tarde desta sexta-feira (3), em boletim epidemiol\u00f3gico da Secretaria de Estado da Sa\u00fade.<\/p>\n\n\n\n<p>S\u00e3o 50.765 pessoas que j\u00e1 contra\u00edram a doen\u00e7a, 16.971 que j\u00e1 se recuperaram e 1.062 faleceram. At\u00e9 o momento, 144.872 testes para diagn\u00f3stico da Covid-19 j\u00e1 foram realizados.&nbsp;<\/p>\n\n\n\n<ul class=\"wp-block-list\"><li>Casos Confirmados: 50.765<\/li><li>Casos Descartados: 52.476<\/li><li>\u00d3bitos confirmados: 1062<\/li><li>Casos recuperados: 16.971<\/li><li>Total de munic\u00edpios: 218<\/li><\/ul>\n\n\n\n<p>A ocupa\u00e7\u00e3o total de leitos de UTI (adulto, pedi\u00e1trico e obst\u00e9trico) em todo o estado \u00e9 de 62%. Fazendo um&nbsp; recorte apenas dos leitos de UTI para adultos na Regi\u00e3o Metropolitana de Jo\u00e3o Pessoa, a taxa de ocupa\u00e7\u00e3o chega a 70%.&nbsp;<\/p>\n\n\n\n<p>Em Campina Grande, est\u00e3o ocupados 64% dos leitos de UTI adulto e no sert\u00e3o, 54% dos leitos de UTI para adultos.&nbsp;&nbsp;<\/p>\n\n\n\n<p>O \u00edndice de Isolamento Social foi de apenas 40%, considerado baixo em rela\u00e7\u00e3o \u00e0 meta de 70% e \u00e0 m\u00ednima de 50%.&nbsp;<\/p>\n\n\n\n<p>Os casos confirmados est\u00e3o distribu\u00eddos por 218 dos 223 munic\u00edpios paraibanos:<\/p>\n\n\n\n<p>\u00c1gua Branca (33); Aguiar (16); Alagoa Grande (435); Alagoa Nova (167); Alagoinha (476); Alcantil (21); Algod\u00e3o de Janda\u00edra (3); Alhandra (358); Amparo (12); Aparecida (30); Ara\u00e7agi (299); Arara (92); Araruna (95); Areia (169); Areia de Bara\u00fanas (1); Areial (30); Aroeiras (95); Assun\u00e7\u00e3o (26); Baia da Trai\u00e7\u00e3o (200); Bananeiras (80); Bara\u00fana (113); Barra de Santa Rosa (18); Barra de Santana (59); Barra de S\u00e3o Miguel (7); Bayeux (919); Bel\u00e9m (328); Bel\u00e9m do Brejo do Cruz (9); Bernardino Batista (3); Boa Ventura (2); Boa Vista (51); Bom Jesus (6); Bom Sucesso (7); Bonito de Santa F\u00e9 (2); Boqueir\u00e3o (144); Borborema (7); Brejo do Cruz (113); Brejo dos Santos (7); Caapor\u00e3 (763); Cabaceiras (11); Cabedelo (1914); Cachoeira dos \u00cdndios (44); Cacimba de Areia (7); Cacimba de Dentro (50); Cacimbas (40); Cai\u00e7ara (238); Cajazeiras (601); Cajazeirinhas (1); Caldas Brand\u00e3o (96); Camala\u00fa (1); Campina Grande (6900); Capim (103); Cara\u00fabas (23); Carrapateira (19); Casserengue (125); Catingueira (14), Catol\u00e9 do Rocha (166); Caturit\u00e9 (60); Concei\u00e7\u00e3o (34); Condado (79); Conde (407); Congo (36); Coremas (37); Coxixola (12); Cruz do Esp\u00edrito Santo (183); Cubati (44); Cuit\u00e9 (109); Cuit\u00e9 de Mamanguape (57); Cuiteg\u00ed (140); Curral de Cima (16); Curral Velho (1), Dami\u00e3o (3); Desterro (34); Diamante (3); Dona In\u00eas (24); Duas Estradas (42); Emas (3); Esperan\u00e7a (266); Fagundes (47); Frei Martinho (3); Gado Bravo (69); Guarabira (2374); Gurinh\u00e9m (202); Gurj\u00e3o (19); Ibiara (11); Igaracy (4); Imaculada (14); Ing\u00e1 (380); Itabaiana (661); Itaporanga (45); Itapororoca (212); Itatuba (149); Jacara\u00fa (133); Jeric\u00f3 (5); Jo\u00e3o Pessoa (14208); Joca Claudino (2); Juarez T\u00e1vora (161); Juazeirinho (107); Junco do Serid\u00f3 (26); Juripiranga (320); Juru (11); Lagoa (3); Lagoa de Dentro (44); Lagoa Seca (429); Lastro (13); Livramento (43); Logradouro (59); Lucena (191); M\u00e3e d&#8217;\u00c1gua (12); Malta (19); Mamanguape (1354); Mana\u00edra (7); Marca\u00e7\u00e3o (48); Mari (421); Mariz\u00f3polis (7); Massaranduba (159); Mataraca (87); Matinhas (44); Mato Grosso (7); Matureia (24); Mogeiro (76); Montadas (32); Monteiro (104); Mulungu (187); Natuba (43); Nazarezinho (7); Nova Floresta (17), Nova Olinda (6); Nova Palmeira (35); Olho D\u00b4\u00c1gua (30); Olivedos (36);&nbsp; Parari (4); Passagem (29); Patos (1509); Paulista (64); Pedra Lavrada (22); Pedras de Fogo (988); Pedro R\u00e9gis (26); Pianc\u00f3 (61); Picu\u00ed (88); Pilar (153); Pil\u00f5es (37); Pil\u00f5ezinhos (162); Pirpirituba (98); Pitimbu (491); Pocinhos (61);&nbsp; Po\u00e7o Dantas (3); Pombal (161); Prata (3); Princesa Isabel (40); Puxinan\u00e3 (187);&nbsp; Queimadas (550); Quixaba (26); Rem\u00edgio (160); Riach\u00e3o (25); Riach\u00e3o do Bacamarte (188);&nbsp; Riach\u00e3o do Po\u00e7o (33); Riacho de Santo Ant\u00f4nio (16); Riacho dos Cavalos (4); Rio Tinto (529); Salgadinho (10); Salgado de S\u00e3o Felix (103); Santa Cec\u00edlia (20); Santa Cruz (13); Santa Helena (10); Santa In\u00eas (12);&nbsp; Santa Luzia (171); Santa Rita (1292); Santa Terezinha (30); Santana de Mangueira (1); Santana dos Garrotes (6); Santo Andr\u00e9 (5); S\u00e3o Bentinho (20); S\u00e3o Bento (588); S\u00e3o Domingos do Cariri (14);&nbsp; S\u00e3o Francisco (7);&nbsp; S\u00e3o Jo\u00e3o do Cariri (28); S\u00e3o Jo\u00e3o do Rio do Peixe (49); S\u00e3o Jo\u00e3o do Tigre (4); S\u00e3o Jos\u00e9 da Lagoa Tapada (19); S\u00e3o Jos\u00e9 de Caiana (28); S\u00e3o Jos\u00e9 de Espinharas (7); S\u00e3o Jos\u00e9 de Piranhas (71); S\u00e3o Jos\u00e9 de Princesa (1); S\u00e3o Jos\u00e9 do Bonfim (50); S\u00e3o Jos\u00e9 do Brejo do Cruz (4); S\u00e3o Jos\u00e9 do Sabugi (163); S\u00e3o Jos\u00e9 dos Cordeiros (4); S\u00e3o Jos\u00e9 dos Ramos (93); S\u00e3o Mamede (31); S\u00e3o Miguel de Taipu (70); S\u00e3o Sebasti\u00e3o de Lagoa de Ro\u00e7a (124); S\u00e3o Sebasti\u00e3o do Umbuzeiro (4); S\u00e3o Vicente do Serid\u00f3 (23); Sap\u00e9 (548); Serra Branca (55); Serra da Ra\u00edz (12); Serra Grande (6); Serra Redonda (142); Serraria (28); Sert\u00e3ozinho (39); Sobrado (74); Sol\u00e2nea (174); Soledade (89); Sossego (5), Sousa (575); Sum\u00e9 (67); Tacima (67); Tapero\u00e1 (51); Tavares (26); Teixeira (75); Ten\u00f3rio (11); Triunfo (8); Uira\u00fana (26); Umbuzeiro (34); V\u00e1rzea (7); Vieir\u00f3polis (4); Vista Serrana (2), Zabel\u00ea (1).<\/p>\n\n\n\n<p>*Dados Oficiais preliminares (fonte: SIM,e-sus VE e SIVEP) extra\u00eddos \u00e0s 10h do dia 03\/07, sujeitos a altera\u00e7\u00e3o por parte dos munic\u00edpios.<\/p>\n\n\n\n<p>18 \u00f3bitos foram registrados entre os dias 26 de maio e 30 de junho:<\/p>\n\n\n\n<p>Homem, 76 anos, residente em Alagoa Grande. Sem comorbidades. In\u00edcio dos sintomas em 24\/06, foi a \u00f3bito em sua resid\u00eancia no dia 27\/06.<\/p>\n\n\n\n<p>Homem, 43 anos, residente em Campina Grande.Hipertenso. In\u00edcio dos sintomas em 24\/06. Foi a \u00f3bito em hospital p\u00fablico no dia 28\/06.<\/p>\n\n\n\n<p>Homem, 74 anos, residente em Campina Grande.Ex &#8211; tabagista. In\u00edcio dos sintomas em 17\/06. Foi a \u00f3bito em hospital p\u00fablico no dia 21\/06.<\/p>\n\n\n\n<p>Mulher, 90 anos, residente em Campina Grande.Sem comorbidade. In\u00edcio dos sintomas em 25\/05. Foi a \u00f3bito em hospital p\u00fablico no dia 18\/06.<\/p>\n\n\n\n<p>Mulher, 89 anos, residente em Campina Grande.Sem comorbidade. In\u00edcio dos sintomas em 08\/06. Foi a \u00f3bito em hospital p\u00fablico no dia 17\/06.<\/p>\n\n\n\n<p>Homem, 69 anos, residente em Campina Grande.Sem comorbidade. In\u00edcio dos sintomas em 29\/05. Foi a \u00f3bito em hospital p\u00fablico no dia 09\/06.<\/p>\n\n\n\n<p>Homem, 80 anos, residente em Campina Grande.Cardiopata. In\u00edcio dos sintomas em 06\/06. Foi a \u00f3bito em hospital p\u00fablico no dia 12\/06.<\/p>\n\n\n\n<p>Mulher, 20 anos, residente em Campina Grande.Portadora de Leucemia Mieloide Aguda. In\u00edcio dos sintomas em 31\/05. Foi a \u00f3bito em hospital p\u00fablico no dia 16\/06.<\/p>\n\n\n\n<p>Homem, 80 anos, residente em Capim.Sem Comorbidade. In\u00edcio dos sintomas em 09\/06. Foi a \u00f3bito em hospital p\u00fablico no dia 11\/06.<\/p>\n\n\n\n<p>Mulher, 77 anos, residente em Capim.Diab\u00e9tica, cardiopata. In\u00edcio dos sintomas em 23\/05. Foi a \u00f3bito em hospital p\u00fablico no dia 01\/06.<\/p>\n\n\n\n<p>Mulher, 77 anos, residente em Jo\u00e3o Pessoa. Portadora de cardiopatia e doen\u00e7a respirat\u00f3ria. In\u00edcio dos sintomas em 19\/05. Foi a \u00f3bito em hospital p\u00fablico no dia 26\/05.<\/p>\n\n\n\n<p>Mulher, 73 anos, residente em Jo\u00e3o Pessoa. Portadora de cardiopatia e hipertireoidismo. In\u00edcio dos sintomas em 25\/05. Foi a \u00f3bito em hospital p\u00fablico no dia 31\/05.<\/p>\n\n\n\n<p>Homem, 36 anos, residente em Jo\u00e3o Pessoa. Etilista e Tabagista. In\u00edcio dos sintomas em 27\/06. Foi a \u00f3bito em sua resid\u00eancia no dia 30\/06.<\/p>\n\n\n\n<p>Homem, 57 anos, residente em Lagoa Seca. Diab\u00e9tico e cardiopata. In\u00edcio dos sintomas em 29\/05. Foi a \u00f3bito em hospital p\u00fablico dia 14\/06.<\/p>\n\n\n\n<p>Homem, 30 anos, residente em Mamanguape. Comorbidades n\u00e3o informadas. In\u00edcio dos sintomas em 02\/06. Foi a \u00f3bito em hospital p\u00fablico no dia 08\/06.<\/p>\n\n\n\n<p>Mulher, 82 anos, residente em Mamanguape. Sem comorbidades. In\u00edcio dos sintomas em 06\/06. Foi a \u00f3bito em hospital p\u00fablico no dia 10\/06.<\/p>\n\n\n\n<p>Mulher, 92 anos, residente em Mamanguape. Comorbidades n\u00e3o informadas. In\u00edcio dos sintomas em 10\/06. Foi a \u00f3bito em hospital p\u00fablico no dia 13\/06.<\/p>\n\n\n\n<p>Mulher, 19 anos, residente em Santa Luzia.Portadora de paralisia cerebral. In\u00edcio dos sintomas em 27\/05. Foi a \u00f3bito em hospital privado no dia 03\/06.<\/p>\n","protected":false},"excerpt":{"rendered":"<p>A Para\u00edba registrou 1.229 novos casos de Covid-19 e 18 \u00f3bitos confirmados desde a \u00faltima atualiza\u00e7\u00e3o, todos eles ocorridos entre 26 de maio e 30&hellip; <\/p>\n","protected":false},"author":2,"featured_media":177180,"comment_status":"closed","ping_status":"closed","sticky":false,"template":"","format":"standard","meta":{"sfsi_plus_gutenberg_text_before_share":"","sfsi_plus_gutenberg_show_text_before_share":"","sfsi_plus_gutenberg_icon_type":"","sfsi_plus_gutenberg_icon_alignemt":"","sfsi_plus_gutenburg_max_per_row":"","footnotes":""},"categories":[50,2],"tags":[],"class_list":["post-177179","post","type-post","status-publish","format-standard","has-post-thumbnail","hentry","category-destaque","category-geral"],"_links":{"self":[{"href":"https:\/\/www.caririemacao.com\/1\/wp-json\/wp\/v2\/posts\/177179","targetHints":{"allow":["GET"]}}],"collection":[{"href":"https:\/\/www.caririemacao.com\/1\/wp-json\/wp\/v2\/posts"}],"about":[{"href":"https:\/\/www.caririemacao.com\/1\/wp-json\/wp\/v2\/types\/post"}],"author":[{"embeddable":true,"href":"https:\/\/www.caririemacao.com\/1\/wp-json\/wp\/v2\/users\/2"}],"replies":[{"embeddable":true,"href":"https:\/\/www.caririemacao.com\/1\/wp-json\/wp\/v2\/comments?post=177179"}],"version-history":[{"count":1,"href":"https:\/\/www.caririemacao.com\/1\/wp-json\/wp\/v2\/posts\/177179\/revisions"}],"predecessor-version":[{"id":177181,"href":"https:\/\/www.caririemacao.com\/1\/wp-json\/wp\/v2\/posts\/177179\/revisions\/177181"}],"wp:featuredmedia":[{"embeddable":true,"href":"https:\/\/www.caririemacao.com\/1\/wp-json\/wp\/v2\/media\/177180"}],"wp:attachment":[{"href":"https:\/\/www.caririemacao.com\/1\/wp-json\/wp\/v2\/media?parent=177179"}],"wp:term":[{"taxonomy":"category","embeddable":true,"href":"https:\/\/www.caririemacao.com\/1\/wp-json\/wp\/v2\/categories?post=177179"},{"taxonomy":"post_tag","embeddable":true,"href":"https:\/\/www.caririemacao.com\/1\/wp-json\/wp\/v2\/tags?post=177179"}],"curies":[{"name":"wp","href":"https:\/\/api.w.org\/{rel}","templated":true}]}}