{"id":177183,"date":"2020-07-04T06:07:42","date_gmt":"2020-07-04T09:07:42","guid":{"rendered":"https:\/\/www.caririemacao.com\/1\/?p=177183"},"modified":"2020-07-04T06:07:42","modified_gmt":"2020-07-04T09:07:42","slug":"presidente-de-entidade-empresarial-diz-que-comercio-e-o-mais-prejudicado-com-pandemia-declara-que-recuperacao-e-lenta-e-pede-que-setor-seja-ouvido","status":"publish","type":"post","link":"https:\/\/www.caririemacao.com\/1\/2020\/07\/04\/presidente-de-entidade-empresarial-diz-que-comercio-e-o-mais-prejudicado-com-pandemia-declara-que-recuperacao-e-lenta-e-pede-que-setor-seja-ouvido\/","title":{"rendered":"Presidente de entidade empresarial diz que com\u00e9rcio \u00e9 o mais prejudicado com pandemia, declara que recupera\u00e7\u00e3o \u00e9 lenta e pede que setor seja ouvido"},"content":{"rendered":"\n<h1 class=\"wp-block-heading\"><\/h1>\n\n\n\n<p>O ano de 2020 ser\u00e1 perdido para o com\u00e9rcio na Para\u00edba, segundo avalia o presidente do Programa Paraibano de Qualidade (PPQ), que re\u00fane dezenas de empresas no estado. Em entrevista ao ClickPB nesta sexta-feira (3), Josuel Gomes revelou que muitas empresas &#8216;quebraram&#8217;, muitos funcion\u00e1rios foram demitidos e que, mesmo na retomada, a recupera\u00e7\u00e3o ser\u00e1 lenta e n\u00e3o ocorrer\u00e1 neste ano.<\/p>\n\n\n\n<p>Al\u00e9m disso, o presidente do PPQ reclama que o setor produtivo n\u00e3o foi ouvido nas decis\u00f5es de flexibiliza\u00e7\u00e3o e de isolamento social que restringiu o com\u00e9rcio e servi\u00e7os. Ele considera que as decis\u00f5es n\u00e3o devem ser somente de um sanitarista ou de um economista, mas sim, que as duas partes possam dialogar para o que for melhor para a economia e o combate ao novo coronav\u00edrus.<\/p>\n\n\n\n<p>Josuel lembrou que, mesmo com a flexibiliza\u00e7\u00e3o, o com\u00e9rcio n\u00e3o voltar\u00e1 rapidamente ao n\u00edvel anterior \u00e0 pandemia. &#8220;Mesmo voltando, n\u00e3o volta para o que era antes. \u00c9 um ano perdido. Muitas empresas est\u00e3o fechando. A recupera\u00e7\u00e3o \u00e9 lenta, s\u00e3o muitos compromissos a honrar&#8221;, disse ele, destacando as d\u00edvidas dos comerciantes.<\/p>\n\n\n\n<p>Das empresas associadas ao PPQ, h\u00e1 escrit\u00f3rios de publicidade, de contabilidade, hospitais, empresas de \u00f4nibus e lojas. De acordo com o presidente do PPQ em entrevista ao ClickPB, &#8220;o com\u00e9rcio \u00e9 o mais prejudicado.&#8221;<\/p>\n\n\n\n<p>De Campina Grande, o presidente da Associa\u00e7\u00e3o dos Comerciantes do Maior S\u00e3o Jo\u00e3o do Mundo (ACMSJM), Lucinei Cavalcanti, explicou ao ClickPB que muitos deles est\u00e3o prejudicados com o adiamento de festa porque contavam com essa renda de junho para se manter o ano todo. Sorte t\u00eam os que conseguiram manter lojas em funcionamento por serem considerados dos setores essenciais como restaurantes e lanchonetes.<\/p>\n\n\n\n<p>&#8220;Boa parte dos comerciantes do Parque do Povo tem seus com\u00e9rcios fora (do S\u00e3o Jo\u00e3o). S\u00f3 que, ou est\u00e3o fechados ou est\u00e3o atendendo com capacidade reduzida, em sua grande maioria via delivery. Porque s\u00e3o do ramo de bares e restaurantes, alguns lanchonetes, que atendem com retirada no balc\u00e3o ou via delivery. Alguns poucos que perfumaria, armarinho, lojas de confec\u00e7\u00f5es ou algo nesse sentido, \u00e9 que est\u00e3o fechados mesmo porque n\u00e3o s\u00e3o do grupo de servi\u00e7os essenciais. Ent\u00e3o \u00e9 muito dif\u00edcil a situa\u00e7\u00e3o porque, al\u00e9m de n\u00e3o ter o refor\u00e7o do S\u00e3o Jo\u00e3o, que para alguns \u00e9 uma renda extra, para outros \u00e9 a renda do ano todo, como n\u00e3o houve S\u00e3o Jo\u00e3o, est\u00e1 mais dif\u00edcil ainda&#8221;, disse Lucinei Cavalcanti ao ClickPB.<\/p>\n\n\n\n<p>O presidente da ACMSJM lembrou que adapta\u00e7\u00f5es t\u00eam ajudado os comerciantes. &#8220;Em tempos de pandemia, sem o S\u00e3o Jo\u00e3o, a tecnologia e a criatividade \u00e9 que est\u00e3o dando lugar como alternativas para que os comerciantes possam ter suas rendas, sustentar suas fam\u00edlias e at\u00e9 alavancar seu pr\u00f3prio neg\u00f3cio.&#8221;<\/p>\n\n\n\n<p>Eles tamb\u00e9m aguardam os donativos coletados em campanhas da associa\u00e7\u00e3o e as doa\u00e7\u00f5es das lives de S\u00e3o Jo\u00e3o realizadas em junho. &#8220;Diante de solu\u00e7\u00f5es, a gente est\u00e1 em campanha para ver se consegue donativos e repassa aos comerciantes para que amenize a situa\u00e7\u00e3o de cada um.&#8221;<\/p>\n","protected":false},"excerpt":{"rendered":"<p>O ano de 2020 ser\u00e1 perdido para o com\u00e9rcio na Para\u00edba, segundo avalia o presidente do Programa Paraibano de Qualidade (PPQ), que re\u00fane dezenas de&hellip; <\/p>\n","protected":false},"author":2,"featured_media":177184,"comment_status":"closed","ping_status":"closed","sticky":false,"template":"","format":"standard","meta":{"sfsi_plus_gutenberg_text_before_share":"","sfsi_plus_gutenberg_show_text_before_share":"","sfsi_plus_gutenberg_icon_type":"","sfsi_plus_gutenberg_icon_alignemt":"","sfsi_plus_gutenburg_max_per_row":"","footnotes":""},"categories":[2],"tags":[],"class_list":["post-177183","post","type-post","status-publish","format-standard","has-post-thumbnail","hentry","category-geral"],"_links":{"self":[{"href":"https:\/\/www.caririemacao.com\/1\/wp-json\/wp\/v2\/posts\/177183","targetHints":{"allow":["GET"]}}],"collection":[{"href":"https:\/\/www.caririemacao.com\/1\/wp-json\/wp\/v2\/posts"}],"about":[{"href":"https:\/\/www.caririemacao.com\/1\/wp-json\/wp\/v2\/types\/post"}],"author":[{"embeddable":true,"href":"https:\/\/www.caririemacao.com\/1\/wp-json\/wp\/v2\/users\/2"}],"replies":[{"embeddable":true,"href":"https:\/\/www.caririemacao.com\/1\/wp-json\/wp\/v2\/comments?post=177183"}],"version-history":[{"count":1,"href":"https:\/\/www.caririemacao.com\/1\/wp-json\/wp\/v2\/posts\/177183\/revisions"}],"predecessor-version":[{"id":177185,"href":"https:\/\/www.caririemacao.com\/1\/wp-json\/wp\/v2\/posts\/177183\/revisions\/177185"}],"wp:featuredmedia":[{"embeddable":true,"href":"https:\/\/www.caririemacao.com\/1\/wp-json\/wp\/v2\/media\/177184"}],"wp:attachment":[{"href":"https:\/\/www.caririemacao.com\/1\/wp-json\/wp\/v2\/media?parent=177183"}],"wp:term":[{"taxonomy":"category","embeddable":true,"href":"https:\/\/www.caririemacao.com\/1\/wp-json\/wp\/v2\/categories?post=177183"},{"taxonomy":"post_tag","embeddable":true,"href":"https:\/\/www.caririemacao.com\/1\/wp-json\/wp\/v2\/tags?post=177183"}],"curies":[{"name":"wp","href":"https:\/\/api.w.org\/{rel}","templated":true}]}}