{"id":177187,"date":"2020-07-04T06:13:00","date_gmt":"2020-07-04T09:13:00","guid":{"rendered":"https:\/\/www.caririemacao.com\/1\/?p=177187"},"modified":"2020-07-04T06:13:00","modified_gmt":"2020-07-04T09:13:00","slug":"apos-adiamento-de-eleicao-tse-posterga-prazos-eleitorais-de-julho-em-42-dias","status":"publish","type":"post","link":"https:\/\/www.caririemacao.com\/1\/2020\/07\/04\/apos-adiamento-de-eleicao-tse-posterga-prazos-eleitorais-de-julho-em-42-dias\/","title":{"rendered":"Ap\u00f3s adiamento de elei\u00e7\u00e3o, TSE posterga prazos eleitorais de julho em 42 dias"},"content":{"rendered":"\n<h1 class=\"wp-block-heading\"><\/h1>\n\n\n\n<p>A medida foi feita para adequar as datas com as mudan\u00e7as provocadas pela aprova\u00e7\u00e3o da emenda constitucional que adiou as elei\u00e7\u00f5es municipais para novembro em fun\u00e7\u00e3o da pandemia da Covid-19. As informa\u00e7\u00f5es s\u00e3o da Ag\u00eancia Brasil.<\/p>\n\n\n\n<p>Os 36 prazos que foram postergados para agosto envolvem restri\u00e7\u00f5es que impedem agentes p\u00fablicos de fazerem contrata\u00e7\u00f5es, aumentar despesas p\u00fablicas, inaugurar obras, al\u00e9m das datas para o eleitor com defici\u00eancia pedir atendimento especial e para as conven\u00e7\u00f5es partid\u00e1rias dos candidatos a prefeito, vice-prefeito e vereadores.<\/p>\n\n\n\n<p>Em agosto, ap\u00f3s o fim do recesso no Judici\u00e1rio, novas altera\u00e7\u00f5es nos prazos dos meses seguintes do calend\u00e1rio eleitoral ser\u00e3o divulgadas pelo TSE.<\/p>\n\n\n\n<p>Nesta quinta-feira (2), o Congresso Nacional promulgou a Emenda Constitucional 107, que adia as elei\u00e7\u00f5es municipais de outubro para novembro deste ano. Dessa forma, os dois turnos eleitorais, inicialmente previstos para os dias 4 e 25 de outubro, ser\u00e3o realizados nos dias 15 e 29 de novembro. O adiamento contou com o aval do TSE.<\/p>\n","protected":false},"excerpt":{"rendered":"<p>A medida foi feita para adequar as datas com as mudan\u00e7as provocadas pela aprova\u00e7\u00e3o da emenda constitucional que adiou as elei\u00e7\u00f5es municipais para novembro em&hellip; <\/p>\n","protected":false},"author":2,"featured_media":176795,"comment_status":"closed","ping_status":"closed","sticky":false,"template":"","format":"standard","meta":{"sfsi_plus_gutenberg_text_before_share":"","sfsi_plus_gutenberg_show_text_before_share":"","sfsi_plus_gutenberg_icon_type":"","sfsi_plus_gutenberg_icon_alignemt":"","sfsi_plus_gutenburg_max_per_row":"","footnotes":""},"categories":[50,2],"tags":[],"class_list":["post-177187","post","type-post","status-publish","format-standard","has-post-thumbnail","hentry","category-destaque","category-geral"],"_links":{"self":[{"href":"https:\/\/www.caririemacao.com\/1\/wp-json\/wp\/v2\/posts\/177187","targetHints":{"allow":["GET"]}}],"collection":[{"href":"https:\/\/www.caririemacao.com\/1\/wp-json\/wp\/v2\/posts"}],"about":[{"href":"https:\/\/www.caririemacao.com\/1\/wp-json\/wp\/v2\/types\/post"}],"author":[{"embeddable":true,"href":"https:\/\/www.caririemacao.com\/1\/wp-json\/wp\/v2\/users\/2"}],"replies":[{"embeddable":true,"href":"https:\/\/www.caririemacao.com\/1\/wp-json\/wp\/v2\/comments?post=177187"}],"version-history":[{"count":1,"href":"https:\/\/www.caririemacao.com\/1\/wp-json\/wp\/v2\/posts\/177187\/revisions"}],"predecessor-version":[{"id":177188,"href":"https:\/\/www.caririemacao.com\/1\/wp-json\/wp\/v2\/posts\/177187\/revisions\/177188"}],"wp:featuredmedia":[{"embeddable":true,"href":"https:\/\/www.caririemacao.com\/1\/wp-json\/wp\/v2\/media\/176795"}],"wp:attachment":[{"href":"https:\/\/www.caririemacao.com\/1\/wp-json\/wp\/v2\/media?parent=177187"}],"wp:term":[{"taxonomy":"category","embeddable":true,"href":"https:\/\/www.caririemacao.com\/1\/wp-json\/wp\/v2\/categories?post=177187"},{"taxonomy":"post_tag","embeddable":true,"href":"https:\/\/www.caririemacao.com\/1\/wp-json\/wp\/v2\/tags?post=177187"}],"curies":[{"name":"wp","href":"https:\/\/api.w.org\/{rel}","templated":true}]}}