{"id":17719,"date":"2017-04-12T15:50:30","date_gmt":"2017-04-12T18:50:30","guid":{"rendered":"http:\/\/caririemacao.com\/1\/?p=17719"},"modified":"2017-04-12T19:07:07","modified_gmt":"2017-04-12T22:07:07","slug":"ipserb-realiza-entrega-de-ovos-de-pascoa-em-serra-branca","status":"publish","type":"post","link":"https:\/\/www.caririemacao.com\/1\/2017\/04\/12\/ipserb-realiza-entrega-de-ovos-de-pascoa-em-serra-branca\/","title":{"rendered":"IPSERB realiza entrega de ovos de P\u00e1scoa em Serra Branca"},"content":{"rendered":"<p>A Prefeitura Municipal de Serra Branca, atrav\u00e9s do Instituto de Previd\u00eancia de Serra Branca (IPSERB), realizou na manh\u00e3 desta quarta-feira (12) a distribui\u00e7\u00e3o de ovos de p\u00e1scoa com aposentados e pensionistas do munic\u00edpio.<\/p>\n<p><a href=\"http:\/\/caririemacao.com\/1\/wp-content\/uploads\/2017\/04\/DSC_0002.jpg\"><img fetchpriority=\"high\" decoding=\"async\" class=\"aligncenter wp-image-17723 size-full\" src=\"http:\/\/caririemacao.com\/1\/wp-content\/uploads\/2017\/04\/DSC_0002.jpg\" alt=\"DSC_0002\" width=\"800\" height=\"532\" srcset=\"https:\/\/www.caririemacao.com\/1\/wp-content\/uploads\/2017\/04\/DSC_0002.jpg 800w, https:\/\/www.caririemacao.com\/1\/wp-content\/uploads\/2017\/04\/DSC_0002-300x200.jpg 300w, https:\/\/www.caririemacao.com\/1\/wp-content\/uploads\/2017\/04\/DSC_0002-768x511.jpg 768w\" sizes=\"(max-width: 800px) 100vw, 800px\" \/><\/a><\/p>\n<p>O evento ocorreu no sal\u00e3o Severino Cristina ao lado da sociedade S\u00e3o Vicente de Paulo e contou com a presen\u00e7a do presidente do Instituto de Previd\u00eancia, Ronaldo Pinto, o secret\u00e1rio de a\u00e7\u00e3o social, Leka Brito, o vereador Egberto Ferreira e ainda o vereador Di\u00f3genes Sales, que representou o prefeito Souzinha.<\/p>\n<p><a href=\"http:\/\/caririemacao.com\/1\/wp-content\/uploads\/2017\/04\/DSC_0006.jpg\"><img decoding=\"async\" class=\"aligncenter wp-image-17721 size-full lazyload\" data-src=\"http:\/\/caririemacao.com\/1\/wp-content\/uploads\/2017\/04\/DSC_0006.jpg\" alt=\"DSC_0006\" width=\"800\" height=\"532\" data-srcset=\"https:\/\/www.caririemacao.com\/1\/wp-content\/uploads\/2017\/04\/DSC_0006.jpg 800w, https:\/\/www.caririemacao.com\/1\/wp-content\/uploads\/2017\/04\/DSC_0006-300x200.jpg 300w, https:\/\/www.caririemacao.com\/1\/wp-content\/uploads\/2017\/04\/DSC_0006-768x511.jpg 768w\" data-sizes=\"(max-width: 800px) 100vw, 800px\" src=\"data:image\/svg+xml;base64,PHN2ZyB3aWR0aD0iMSIgaGVpZ2h0PSIxIiB4bWxucz0iaHR0cDovL3d3dy53My5vcmcvMjAwMC9zdmciPjwvc3ZnPg==\" style=\"--smush-placeholder-width: 800px; --smush-placeholder-aspect-ratio: 800\/532;\" \/><\/a><\/p>\n<p>Na oportunidade, Ronaldo Pinto, anunciou oficialmente que a \u00faltima parcela dos sal\u00e1rios de Dezembro dos aposentados, deixados dos pela gest\u00e3o anterior, j\u00e1 est\u00e3o dispon\u00edvel para saque.<\/p>\n<p><a href=\"http:\/\/caririemacao.com\/1\/wp-content\/uploads\/2017\/04\/DSC_0077-1.jpg\"><img decoding=\"async\" class=\"aligncenter wp-image-17722 size-full lazyload\" data-src=\"http:\/\/caririemacao.com\/1\/wp-content\/uploads\/2017\/04\/DSC_0077-1.jpg\" alt=\"DSC_0077\" width=\"800\" height=\"532\" data-srcset=\"https:\/\/www.caririemacao.com\/1\/wp-content\/uploads\/2017\/04\/DSC_0077-1.jpg 800w, https:\/\/www.caririemacao.com\/1\/wp-content\/uploads\/2017\/04\/DSC_0077-1-300x200.jpg 300w, https:\/\/www.caririemacao.com\/1\/wp-content\/uploads\/2017\/04\/DSC_0077-1-768x511.jpg 768w\" data-sizes=\"(max-width: 800px) 100vw, 800px\" src=\"data:image\/svg+xml;base64,PHN2ZyB3aWR0aD0iMSIgaGVpZ2h0PSIxIiB4bWxucz0iaHR0cDovL3d3dy53My5vcmcvMjAwMC9zdmciPjwvc3ZnPg==\" style=\"--smush-placeholder-width: 800px; --smush-placeholder-aspect-ratio: 800\/532;\" \/><\/a><\/p>\n<p>Em conversa com o Cariri em A\u00e7\u00e3o, Ronaldo destacou que o evento \u00e9 uma demonstra\u00e7\u00e3o de carinho da gest\u00e3o com aqueles que j\u00e1 deram sua contribui\u00e7\u00e3o para o crescimento do munic\u00edpio.<\/p>\n<p><a href=\"https:\/\/www.facebook.com\/pg\/CaririEmAcao\/photos\/?tab=album&amp;album_id=996855680450455\">Fotos exclusivas do Portal de Not\u00edcias CARIRI EM A\u00c7\u00c3O. Direitos reservados &#8211; Copyright \u00a9 2017 Cariri em A\u00e7\u00e3o.<\/a><\/p>\n<p><strong>CARIRI EM A\u00c7\u00c3O<\/strong><\/p>\n<p><strong>Leia mais not\u00edcias em\u00a0<a href=\"http:\/\/www.caririemacao.com\/\">caririemacao.com<\/a>, siga nossa p\u00e1gina no\u00a0<a href=\"https:\/\/www.facebook.com\/CaririEmAcao\/?ref=aymt_homepage_panel\">Facebook<\/a>\u00a0e\u00a0<a href=\"https:\/\/www.instagram.com\/cariri_em_acao\/?hl=pt-br\">Instagram<\/a>\u00a0veja nossas mat\u00e9rias e fotos. Voc\u00ea tamb\u00e9m pode enviar informa\u00e7\u00f5es \u00e0 Reda\u00e7\u00e3o do Portal Cariri em A\u00e7\u00e3o pelo WhatsApp (83) 9 9634.5791, (83) 9 9601-1162.<\/strong><\/p>\n","protected":false},"excerpt":{"rendered":"<p>A Prefeitura Municipal de Serra Branca, atrav\u00e9s do Instituto de Previd\u00eancia de Serra Branca (IPSERB), realizou na manh\u00e3 desta quarta-feira (12) a distribui\u00e7\u00e3o de ovos&hellip; <\/p>\n","protected":false},"author":2,"featured_media":17720,"comment_status":"closed","ping_status":"closed","sticky":false,"template":"","format":"standard","meta":{"sfsi_plus_gutenberg_text_before_share":"","sfsi_plus_gutenberg_show_text_before_share":"","sfsi_plus_gutenberg_icon_type":"","sfsi_plus_gutenberg_icon_alignemt":"","sfsi_plus_gutenburg_max_per_row":"","footnotes":""},"categories":[2],"tags":[],"class_list":["post-17719","post","type-post","status-publish","format-standard","has-post-thumbnail","hentry","category-geral"],"_links":{"self":[{"href":"https:\/\/www.caririemacao.com\/1\/wp-json\/wp\/v2\/posts\/17719","targetHints":{"allow":["GET"]}}],"collection":[{"href":"https:\/\/www.caririemacao.com\/1\/wp-json\/wp\/v2\/posts"}],"about":[{"href":"https:\/\/www.caririemacao.com\/1\/wp-json\/wp\/v2\/types\/post"}],"author":[{"embeddable":true,"href":"https:\/\/www.caririemacao.com\/1\/wp-json\/wp\/v2\/users\/2"}],"replies":[{"embeddable":true,"href":"https:\/\/www.caririemacao.com\/1\/wp-json\/wp\/v2\/comments?post=17719"}],"version-history":[{"count":0,"href":"https:\/\/www.caririemacao.com\/1\/wp-json\/wp\/v2\/posts\/17719\/revisions"}],"wp:featuredmedia":[{"embeddable":true,"href":"https:\/\/www.caririemacao.com\/1\/wp-json\/wp\/v2\/media\/17720"}],"wp:attachment":[{"href":"https:\/\/www.caririemacao.com\/1\/wp-json\/wp\/v2\/media?parent=17719"}],"wp:term":[{"taxonomy":"category","embeddable":true,"href":"https:\/\/www.caririemacao.com\/1\/wp-json\/wp\/v2\/categories?post=17719"},{"taxonomy":"post_tag","embeddable":true,"href":"https:\/\/www.caririemacao.com\/1\/wp-json\/wp\/v2\/tags?post=17719"}],"curies":[{"name":"wp","href":"https:\/\/api.w.org\/{rel}","templated":true}]}}