{"id":177207,"date":"2020-07-04T06:40:44","date_gmt":"2020-07-04T09:40:44","guid":{"rendered":"https:\/\/www.caririemacao.com\/1\/?p=177207"},"modified":"2020-07-04T06:40:44","modified_gmt":"2020-07-04T09:40:44","slug":"governo-federal-volta-a-cogitar-a-recriacao-da-cpmf","status":"publish","type":"post","link":"https:\/\/www.caririemacao.com\/1\/2020\/07\/04\/governo-federal-volta-a-cogitar-a-recriacao-da-cpmf\/","title":{"rendered":"Governo federal volta a cogitar a recria\u00e7\u00e3o da CPMF"},"content":{"rendered":"\n<h1 class=\"wp-block-heading\"><\/h1>\n\n\n\n<p>Em videoconfer\u00eancia sobre os caminhos para superar a crise, promovida nesta sexta-feira (3) pela Abdib (Associa\u00e7\u00e3o Brasileira da Infraestrutura e Ind\u00fastrias de Base), o ministro afirmou que os tributos sobre pagamentos ou sobre transa\u00e7\u00f5es digitais seriam uma forma de viabilizar uma redu\u00e7\u00e3o de impostos sobre as empresas.<\/p>\n\n\n\n<p>\u201cTem que ampliar a base de tributa\u00e7\u00e3o. Em vez de ter s\u00f3 uma base de consumo e renda -e o Brasil tributa demais o consumo com impostos indiretos, que s\u00e3o regressivos, e de menos a renda-, \u00e9 melhor, em vez de aumentar muito o Imposto de Renda, criar uma outra base de tributa\u00e7\u00e3o qualquer, que podem ser transa\u00e7\u00f5es digitais, pagamentos, alguma coisa que te permita manter al\u00edquotas baixas\u201d, disse.<\/p>\n\n\n\n<p>A institui\u00e7\u00e3o do imposto sobre pagamentos \u00e9 vista com bons olhos por Guedes, que considera a medida uma forma de promover uma ampla e permanente desonera\u00e7\u00e3o da folha de sal\u00e1rios das empresas.<\/p>\n\n\n\n<p>Bolsonaro, entretanto, \u00e9 contra a ideia. Em setembro do ano passado, o ent\u00e3o secret\u00e1rio da Receita Marcos Cintra acabou demitido ap\u00f3s defender o imposto. Depois, o presidente chegou a dizer que a discuss\u00e3o sobre o tributo poderia ser retomada, mas ponderou que a CPMF est\u00e1 demonizada.<\/p>\n\n\n\n<p>Esta tamb\u00e9m n\u00e3o \u00e9 a primeira vez que o ministro sugere a taxa\u00e7\u00e3o de transa\u00e7\u00f5es digitais, como por aplicativos de celular ou outros pagamentos pela internet.<\/p>\n\n\n\n<p>Na videoconfer\u00eancia, Guedes disse que a prioridade do governo \u00e9 aprovar novos marcos regulat\u00f3rios que podem promover investimentos privados no pa\u00eds.<\/p>\n\n\n\n<p>Ao mesmo tempo, afirmou que o governo dar\u00e1 \u201cos primeiros passos\u201d na reforma tribut\u00e1ria. Segundo ele, a proposta do governo est\u00e1 pronta e depende de alinhamento pol\u00edtico para ser enviada ao Congresso.<\/p>\n\n\n\n<p>Na primeira fase, deve ser proposta a cria\u00e7\u00e3o do IVA (Imposto sobre Valor Agregado), com a integra\u00e7\u00e3o de Pis e Cofins. De acordo com o ministro, governos regionais tamb\u00e9m ser\u00e3o convidados \u00e0 reforma, com inclus\u00e3o futura de tributos estaduais no sistema.<\/p>\n\n\n\n<p>Guedes disse ainda que ser\u00e1 proposta uma tributa\u00e7\u00e3o sobre dividendos.<\/p>\n\n\n\n<p>\u201cN\u00e3o \u00e9 razo\u00e1vel nem socialmente justo que algu\u00e9m que vive de capital pague zero de Imposto de Renda sobre dividendos, enquanto o trabalhador paga at\u00e9 27,5%\u201d, afirmou.<\/p>\n","protected":false},"excerpt":{"rendered":"<p>Em videoconfer\u00eancia sobre os caminhos para superar a crise, promovida nesta sexta-feira (3) pela Abdib (Associa\u00e7\u00e3o Brasileira da Infraestrutura e Ind\u00fastrias de Base), o ministro&hellip; <\/p>\n","protected":false},"author":2,"featured_media":176581,"comment_status":"closed","ping_status":"closed","sticky":false,"template":"","format":"standard","meta":{"sfsi_plus_gutenberg_text_before_share":"","sfsi_plus_gutenberg_show_text_before_share":"","sfsi_plus_gutenberg_icon_type":"","sfsi_plus_gutenberg_icon_alignemt":"","sfsi_plus_gutenburg_max_per_row":"","footnotes":""},"categories":[2],"tags":[],"class_list":["post-177207","post","type-post","status-publish","format-standard","has-post-thumbnail","hentry","category-geral"],"_links":{"self":[{"href":"https:\/\/www.caririemacao.com\/1\/wp-json\/wp\/v2\/posts\/177207","targetHints":{"allow":["GET"]}}],"collection":[{"href":"https:\/\/www.caririemacao.com\/1\/wp-json\/wp\/v2\/posts"}],"about":[{"href":"https:\/\/www.caririemacao.com\/1\/wp-json\/wp\/v2\/types\/post"}],"author":[{"embeddable":true,"href":"https:\/\/www.caririemacao.com\/1\/wp-json\/wp\/v2\/users\/2"}],"replies":[{"embeddable":true,"href":"https:\/\/www.caririemacao.com\/1\/wp-json\/wp\/v2\/comments?post=177207"}],"version-history":[{"count":1,"href":"https:\/\/www.caririemacao.com\/1\/wp-json\/wp\/v2\/posts\/177207\/revisions"}],"predecessor-version":[{"id":177209,"href":"https:\/\/www.caririemacao.com\/1\/wp-json\/wp\/v2\/posts\/177207\/revisions\/177209"}],"wp:featuredmedia":[{"embeddable":true,"href":"https:\/\/www.caririemacao.com\/1\/wp-json\/wp\/v2\/media\/176581"}],"wp:attachment":[{"href":"https:\/\/www.caririemacao.com\/1\/wp-json\/wp\/v2\/media?parent=177207"}],"wp:term":[{"taxonomy":"category","embeddable":true,"href":"https:\/\/www.caririemacao.com\/1\/wp-json\/wp\/v2\/categories?post=177207"},{"taxonomy":"post_tag","embeddable":true,"href":"https:\/\/www.caririemacao.com\/1\/wp-json\/wp\/v2\/tags?post=177207"}],"curies":[{"name":"wp","href":"https:\/\/api.w.org\/{rel}","templated":true}]}}