{"id":177215,"date":"2020-07-04T06:57:51","date_gmt":"2020-07-04T09:57:51","guid":{"rendered":"https:\/\/www.caririemacao.com\/1\/?p=177215"},"modified":"2020-07-04T06:57:51","modified_gmt":"2020-07-04T09:57:51","slug":"ibge-mostra-835-milhoes-de-ocupados-na-segunda-semana-de-junho","status":"publish","type":"post","link":"https:\/\/www.caririemacao.com\/1\/2020\/07\/04\/ibge-mostra-835-milhoes-de-ocupados-na-segunda-semana-de-junho\/","title":{"rendered":"IBGE mostra 83,5 milh\u00f5es de ocupados na segunda semana de junho"},"content":{"rendered":"\n<h2 class=\"wp-block-heading\"><\/h2>\n\n\n\n<p>De acordo com a Pnad Covid semanal, divulgada hoje (3) pelo Instituto Brasileiro de Geografia e Estat\u00edstica (IBGE), 83,5 milh\u00f5es de pessoas constitu\u00edam a popula\u00e7\u00e3o ocupada do pa\u00eds na semana de 7 a 13 de junho. O resultado estimado mostra estabilidade em rela\u00e7\u00e3o \u00e0 semana anterior, de 83,7 milh\u00f5es de pessoas ocupadas e em rela\u00e7\u00e3o \u00e0 semana de 3 a 9 de maio, de 83,9 milh\u00f5es de pessoas.&nbsp;<img decoding=\"async\" data-src=\"https:\/\/agenciabrasil.ebc.com.br\/ebc.png?id=1310843&amp;o=node\" src=\"data:image\/svg+xml;base64,PHN2ZyB3aWR0aD0iMSIgaGVpZ2h0PSIxIiB4bWxucz0iaHR0cDovL3d3dy53My5vcmcvMjAwMC9zdmciPjwvc3ZnPg==\" class=\"lazyload\"><\/p>\n\n\n\n<p>Do total encontrado, 8,5 milh\u00f5es, ou 12,5% dos ocupados,&nbsp; trabalham remotamente. Esse contingente ficou estatisticamente est\u00e1vel em rela\u00e7\u00e3o \u00e0 semana anterior, de 8,9 milh\u00f5es ou 13,2%, e, tamb\u00e9m, em rela\u00e7\u00e3o \u00e0 semana de 3 a 9 de maio, de 8,6 milh\u00f5es ou 13,4%.&nbsp;<\/p>\n\n\n\n<p>A Pnad Covid \u00e9 uma vers\u00e3o da Pesquisa Nacional por Amostra de Domic\u00edlios Cont\u00ednua (Pnad), feita em parceria com o Minist\u00e9rio da Sa\u00fade, com o objetivo de quantificar as pessoas com sintomas da covid-19 e os impactos da pandemia no mercado de trabalho.<\/p>\n\n\n\n<p>O n\u00edvel de ocupa\u00e7\u00e3o na semana de 7 a 13 de junho foi de 49%, permanecendo est\u00e1vel em rela\u00e7\u00e3o \u00e0 semana anterior, de 49,3%, e frente \u00e0 semana de 3 a 9 de maio, de 49,4%.<\/p>\n\n\n\n<p>A taxa de informalidade tamb\u00e9m ficou est\u00e1vel em 35%, tanto na compara\u00e7\u00e3o com a semana anterior, de 35,6%, quanto frente \u00e0 semana de 3 a 9 de maio, de 35,7%, atingindo 29,2 milh\u00f5es de pessoas. No in\u00edcio de maio, eram 29,6 milh\u00f5es. Entre os informais, a Pnad Covid citou os empregados do setor privado sem carteira; trabalhadores dom\u00e9sticos sem carteira; empregados que n\u00e3o contribuem para o Instituto Nacional do Seguro Social (INSS); trabalhadores por conta pr\u00f3pria que n\u00e3o contribuem para o INSS; e trabalhadores n\u00e3o remunerados, que dependem da ajuda do morador do domic\u00edlio onde residem ou de algum parente.<\/p>\n\n\n\n<p>Segundo a pesquisa, cerca de 12,4 milh\u00f5es de pessoas, ou o equivalente a 14,8% da popula\u00e7\u00e3o ocupada, estavam afastados do trabalho devido ao distanciamento social. Houve redu\u00e7\u00e3o em rela\u00e7\u00e3o \u00e0 semana anterior, de 13,5 milh\u00f5es ou 16,1% da popula\u00e7\u00e3o ocupada, e tamb\u00e9m frente \u00e0 semana de 3 a 9 de maio, de 16,6 milh\u00f5es ou 19,8% dos ocupados. Isso significa que em torno de 1,1 milh\u00e3o de pessoas podem ter voltado ao trabalho com a flexibiliza\u00e7\u00e3o do distanciamento social adotada em algumas cidades do pa\u00eds. Na primeira semana de maio, 16,6 milh\u00f5es estavam afastadas do trabalho.&nbsp;<\/p>\n\n\n\n<p>A coordenadora da pesquisa, Maria Lucia Vieira, observou que, \u201cem rela\u00e7\u00e3o \u00e0 primeira semana de maio, o resultado pode significar algum retorno ao trabalho, mas tamb\u00e9m dispensa de pessoal, pois nessa compara\u00e7\u00e3o se observa o aumento da popula\u00e7\u00e3o desocupada em 2 milh\u00f5es. Ent\u00e3o pode ter ocorrido esses dois efeitos\u201d.<\/p>\n\n\n\n<h2 class=\"wp-block-heading\">Desocupados<\/h2>\n\n\n\n<p>A popula\u00e7\u00e3o desocupada, por sua vez, chegou a 11,9 milh\u00f5es de pessoas na segunda semana de junho e ficou estatisticamente est\u00e1vel frente \u00e0 semana anterior, de 11,2 milh\u00f5es, embora tenha crescido em rela\u00e7\u00e3o \u00e0 semana de 3 a 9 de maio, com 9,8 milh\u00f5es de desocupados.<\/p>\n\n\n\n<p>A popula\u00e7\u00e3o fora da for\u00e7a de trabalho (que n\u00e3o estava trabalhando nem procurava por trabalho) somava 74,9 milh\u00f5es de pessoas, com estabilidade estat\u00edstica em rela\u00e7\u00e3o \u00e0 semana anterior (75 milh\u00f5es) e queda em rela\u00e7\u00e3o \u00e0 semana de 3 a 9 de maio (76,2 milh\u00f5es). Nesse contingente populacional, cerca de 26,7 milh\u00f5es de pessoas (ou 35,7% da popula\u00e7\u00e3o fora da for\u00e7a de trabalho) disseram que gostariam de trabalhar. O n\u00famero ficou est\u00e1vel em rela\u00e7\u00e3o \u00e0 semana anterior (26,8 milh\u00f5es ou 35,8%) e frente \u00e0 semana de 3 a 9 de maio (27,1 milh\u00f5es ou 35,5%).<\/p>\n\n\n\n<p>Para 18,2 milh\u00f5es de pessoas fora da for\u00e7a que gostariam de trabalhar e n\u00e3o procuraram trabalho, o motivo alegado foi a pandemia do novo coronav\u00edrus (covid-19) ou o fato de n\u00e3o terem encontrado uma ocupa\u00e7\u00e3o pr\u00f3ximo de onde moravam. Elas correspondiam a 68% das pessoas n\u00e3o ocupadas que n\u00e3o buscaram por trabalho e gostariam de trabalhar. Esse contingente ficou estatisticamente est\u00e1vel em rela\u00e7\u00e3o \u00e0 semana anterior (17,9 milh\u00f5es ou 66,8%) e recuou frente \u00e0 semana de 3 a 9 de maio (19,1 milh\u00f5es ou 70,7%).<\/p>\n\n\n\n<h2 class=\"wp-block-heading\">Sintomas da covid-19<\/h2>\n\n\n\n<p>Na semana de 7 a 13 de junho, a Pnad Covid 19 do IBGE estimou que 15,6 milh\u00f5es de pessoas, ou 7,4% da popula\u00e7\u00e3o do pa\u00eds, apresentavam pelo menos um dos 12 sintomas associados \u00e0 s\u00edndrome gripal &#8211; febre, tosse, dor de garganta, dificuldade para respirar, dor de cabe\u00e7a, dor no peito, n\u00e1usea, nariz entupido ou escorrendo, fadiga, dor nos olhos, perda de olfato ou paladar e dor muscular -, que s\u00e3o investigados pela pesquisa. Esse contingente ficou est\u00e1vel em compara\u00e7\u00e3o \u00e0 semana anterior (15,8 milh\u00f5es ou 7,5% da popula\u00e7\u00e3o) e caiu em rela\u00e7\u00e3o a semana de 3 a 9 de maio (26,8 milh\u00f5es ou 12,7%).<\/p>\n\n\n\n<p>Cerca de 3 milh\u00f5es de pessoas (ou 19,2% daqueles que apresentaram algum sintoma) procuraram atendimento em postos de sa\u00fade, equipe de sa\u00fade da fam\u00edlia, Unidade de Pronto Atendimento (UPA), pronto socorro ou hospital do Sistema \u00danico de Sa\u00fade (SUS) ou, ainda, ambulat\u00f3rio ou consult\u00f3rio m\u00e9dico, pronto socorro ou hospital privado. O contingente ficou est\u00e1vel em rela\u00e7\u00e3o \u00e0 semana anterior (2,8 milh\u00f5es ou 17,5%), mas caiu frente \u00e0 semana de 3 a 9 de maio (3,7 milh\u00f5es ou 13,7%). Mais de 85% destes atendimentos foram na rede p\u00fablica de sa\u00fade, revelou a pesquisa.<\/p>\n\n\n\n<p>Cerca de 900 mil pessoas procuraram atendimento em hospital p\u00fablico, particular ou ligado \u00e0s For\u00e7as Armadas na segunda semana de junho, mostrando estabilidade em rela\u00e7\u00e3o \u00e0 semana anterior (943 mil) e tamb\u00e9m \u00e0 semana de 3 a 9 de maio (1,1 milh\u00e3o). Entre os que procuraram atendimento, 110 mil (12,2%) foram internados. Nesse caso, tamb\u00e9m houve estabilidade frente \u00e0 semana anterior (121 mil ou 12,8%) e \u00e0 semana de 3 a 9 de maio (97 mil ou 9,1%).<\/p>\n","protected":false},"excerpt":{"rendered":"<p>De acordo com a Pnad Covid semanal, divulgada hoje (3) pelo Instituto Brasileiro de Geografia e Estat\u00edstica (IBGE), 83,5 milh\u00f5es de pessoas constitu\u00edam a popula\u00e7\u00e3o&hellip; <\/p>\n","protected":false},"author":2,"featured_media":177216,"comment_status":"closed","ping_status":"closed","sticky":false,"template":"","format":"standard","meta":{"sfsi_plus_gutenberg_text_before_share":"","sfsi_plus_gutenberg_show_text_before_share":"","sfsi_plus_gutenberg_icon_type":"","sfsi_plus_gutenberg_icon_alignemt":"","sfsi_plus_gutenburg_max_per_row":"","footnotes":""},"categories":[2],"tags":[],"class_list":["post-177215","post","type-post","status-publish","format-standard","has-post-thumbnail","hentry","category-geral"],"_links":{"self":[{"href":"https:\/\/www.caririemacao.com\/1\/wp-json\/wp\/v2\/posts\/177215","targetHints":{"allow":["GET"]}}],"collection":[{"href":"https:\/\/www.caririemacao.com\/1\/wp-json\/wp\/v2\/posts"}],"about":[{"href":"https:\/\/www.caririemacao.com\/1\/wp-json\/wp\/v2\/types\/post"}],"author":[{"embeddable":true,"href":"https:\/\/www.caririemacao.com\/1\/wp-json\/wp\/v2\/users\/2"}],"replies":[{"embeddable":true,"href":"https:\/\/www.caririemacao.com\/1\/wp-json\/wp\/v2\/comments?post=177215"}],"version-history":[{"count":1,"href":"https:\/\/www.caririemacao.com\/1\/wp-json\/wp\/v2\/posts\/177215\/revisions"}],"predecessor-version":[{"id":177217,"href":"https:\/\/www.caririemacao.com\/1\/wp-json\/wp\/v2\/posts\/177215\/revisions\/177217"}],"wp:featuredmedia":[{"embeddable":true,"href":"https:\/\/www.caririemacao.com\/1\/wp-json\/wp\/v2\/media\/177216"}],"wp:attachment":[{"href":"https:\/\/www.caririemacao.com\/1\/wp-json\/wp\/v2\/media?parent=177215"}],"wp:term":[{"taxonomy":"category","embeddable":true,"href":"https:\/\/www.caririemacao.com\/1\/wp-json\/wp\/v2\/categories?post=177215"},{"taxonomy":"post_tag","embeddable":true,"href":"https:\/\/www.caririemacao.com\/1\/wp-json\/wp\/v2\/tags?post=177215"}],"curies":[{"name":"wp","href":"https:\/\/api.w.org\/{rel}","templated":true}]}}