{"id":177221,"date":"2020-07-04T07:04:51","date_gmt":"2020-07-04T10:04:51","guid":{"rendered":"https:\/\/www.caririemacao.com\/1\/?p=177221"},"modified":"2020-07-04T07:04:51","modified_gmt":"2020-07-04T10:04:51","slug":"prefeito-eden-duarte-entrega-obra-de-reforma-e-ampliacao-da-sede-da-filarmonica-municipal-2","status":"publish","type":"post","link":"https:\/\/www.caririemacao.com\/1\/2020\/07\/04\/prefeito-eden-duarte-entrega-obra-de-reforma-e-ampliacao-da-sede-da-filarmonica-municipal-2\/","title":{"rendered":"Prefeito \u00c9den Duarte entrega obra de reforma e amplia\u00e7\u00e3o da sede da Filarm\u00f4nica Municipal"},"content":{"rendered":"\n<h1 class=\"wp-block-heading\"><\/h1>\n\n\n\n<p>Nessa quinta-feira (02), o prefeito de Sum\u00e9, \u00c9den Duarte, deu sequ\u00eancia \u00e0 s\u00e9rie de entregas de obras que vem realizando no munic\u00edpio no decorrer desta semana. Depois de entregar pavimenta\u00e7\u00f5es e a Pra\u00e7a do Conjunto Habitacional Sebasti\u00e3o Vitorino, foi a vez de entregar a conclus\u00e3o das obras de reforma e amplia\u00e7\u00e3o da sede da Filarm\u00f4nica Municipal Maestro Ant\u00f4nio Josu\u00e9 de Lima.<\/p>\n\n\n\n<div class=\"wp-block-image\"><figure class=\"alignleft\"><a href=\"http:\/\/noticiasemdestaque.com\/cd\/wp-content\/uploads\/2020\/07\/IMG_1503.jpg\"><img decoding=\"async\" data-src=\"http:\/\/noticiasemdestaque.com\/cd\/wp-content\/uploads\/2020\/07\/IMG_1503-1024x683.jpg\" alt=\"\" class=\"wp-image-25656 lazyload\" src=\"data:image\/svg+xml;base64,PHN2ZyB3aWR0aD0iMSIgaGVpZ2h0PSIxIiB4bWxucz0iaHR0cDovL3d3dy53My5vcmcvMjAwMC9zdmciPjwvc3ZnPg==\" style=\"--smush-placeholder-width: 1024px; --smush-placeholder-aspect-ratio: 1024\/683;\" \/><\/a><\/figure><\/div>\n\n\n\n<p>O novo espa\u00e7o da Filarm\u00f4nica \u00e9 agora um pr\u00e9dio amplo, acess\u00edvel, climatizado, contando com sala de ensaio com revestimento ac\u00fastico, que contribui de forma t\u00e9cnica para a qualidade das atividades, novas salas de aula tamb\u00e9m foram constru\u00eddas.<\/p>\n\n\n\n<p>O maestro, Diego Bruno, destacou o empenho do prefeito \u00c9den com a Filarm\u00f4nica Municipal. \u201cHoje \u00e9 um dia especial, estou emocionado, e fiquei mais ainda no dia em que o prefeito fez o an\u00fancio que iria fazer esta obra, pois sei que quando \u00c9den diz que vai fazer, ele cumpre sua promessa\u201d, disse Diego<\/p>\n\n\n\n<p>O secret\u00e1rio de Educa\u00e7\u00e3o de Sum\u00e9, Odilon Ara\u00fajo afirmou que tamb\u00e9m \u00e9 um compromisso da gest\u00e3o investir na cultura do munic\u00edpio. \u201cSempre tivemos um olhar diferenciado para a nossa Filarm\u00f4nica, ela faz parte da hist\u00f3ria de Sum\u00e9 e cabe a n\u00f3s preservar esse patrim\u00f4nio\u201d, ressaltou.<\/p>\n\n\n\n<div class=\"wp-block-image\"><figure class=\"alignright\"><a href=\"http:\/\/noticiasemdestaque.com\/cd\/wp-content\/uploads\/2020\/07\/IMG_1552.jpg\"><img decoding=\"async\" data-src=\"http:\/\/noticiasemdestaque.com\/cd\/wp-content\/uploads\/2020\/07\/IMG_1552-1024x683.jpg\" alt=\"\" class=\"wp-image-25657 lazyload\" src=\"data:image\/svg+xml;base64,PHN2ZyB3aWR0aD0iMSIgaGVpZ2h0PSIxIiB4bWxucz0iaHR0cDovL3d3dy53My5vcmcvMjAwMC9zdmciPjwvc3ZnPg==\" style=\"--smush-placeholder-width: 1024px; --smush-placeholder-aspect-ratio: 1024\/683;\" \/><\/a><\/figure><\/div>\n\n\n\n<p>O m\u00e9dico Francisco Braz, que esteve presente ao evento e \u00e9 apoiador da banda, disse que o trabalho de \u00c9den \u00e9 exemplar. \u201cO prefeito est\u00e1 de parab\u00e9ns, n\u00e3o apenas pelos investimentos na cultura, mas pelos cuidados com toda Sum\u00e9\u201d, declarou.<\/p>\n\n\n\n<p>O prefeito \u00c9den tamb\u00e9m destacou o compromisso de sua gest\u00e3o com a Filarm\u00f4nica Maestro Ant\u00f4nio Josu\u00e9 de Lima. \u201cAo longo dos anos demos total apoio para melhorar as condi\u00e7\u00f5es para os m\u00fasicos, mantemos em dia a bolsa de estudos, reformamos instrumentos, entregamos uniformes, possibilitamos mudar a vida de dezenas de pessoas que fazem parte dessa banda\u201d, disse.<\/p>\n\n\n\n<p>O prefeito confirmou ainda que em breve estar\u00e1 investindo R$ 100 mil em instrumentos, fruto de uma emenda conseguida com o ex-deputado federal, Luiz Couto.<\/p>\n\n\n\n<p>Tamb\u00e9m compareceram \u00e0 cerim\u00f4nia os vereadores Jos\u00e9 Ant\u00f4nio Fernandes e Daniel L\u00eala e o conselheiro do Or\u00e7amento Democr\u00e1tico Municipal, Ulices Pereira da Silva.&nbsp;Para evitar aglomera\u00e7\u00e3o de pessoas s\u00f3 puderam comparecer tr\u00eas m\u00fasicos da banda, j\u00e1 que ela composta por 40 m\u00fasicos.<\/p>\n\n\n\n<p>O sumeense e ex-deputado, Evaldo Gon\u00e7alves de Queiroz, encaminhou mensagem para a Filarm\u00f4nica que foi lida para os presentes e afixada num quadro no pr\u00e9dio. Na mensagem, ele cita a import\u00e2ncia que foi o maestro Ant\u00f4nio Josu\u00e9 de Lima para a banda das lembran\u00e7as que carrega deste tempo.<\/p>\n\n\n\n<p>\u201cEu mesmo sem exagerar, posso afirmar que sem a Banda de M\u00fasica de Ant\u00f4nio Josu\u00e9 n\u00e3o teria tido nenhuma boa lembran\u00e7a da minha inf\u00e2ncia em Sum\u00e9. Tem ela, para mim, o mesmo valor e a mesma emo\u00e7\u00e3o das cheias do Rio Chico de Melo, da serra que esconde a cidade dos maus olhos, dos cajueiros de Ant\u00f4nio Pereira, dos bilhares de Miguel Guilherme e de seu Ba\u00e9, da Igreja Matriz de Nossa senhora da Concei\u00e7\u00e3o, da Igreja Velha, do Cruzeiro, e todo o mais que povoou os meus primeiros anos naquela cidade \u2013 e que fizeram as minhas eternas boas lembran\u00e7as, que me acompanham at\u00e9 hoje\u201d, Evaldo Gon\u00e7alves.<\/p>\n","protected":false},"excerpt":{"rendered":"<p>Nessa quinta-feira (02), o prefeito de Sum\u00e9, \u00c9den Duarte, deu sequ\u00eancia \u00e0 s\u00e9rie de entregas de obras que vem realizando no munic\u00edpio no decorrer desta&hellip; <\/p>\n","protected":false},"author":2,"featured_media":177222,"comment_status":"closed","ping_status":"closed","sticky":false,"template":"","format":"standard","meta":{"sfsi_plus_gutenberg_text_before_share":"","sfsi_plus_gutenberg_show_text_before_share":"","sfsi_plus_gutenberg_icon_type":"","sfsi_plus_gutenberg_icon_alignemt":"","sfsi_plus_gutenburg_max_per_row":"","footnotes":""},"categories":[50,2],"tags":[],"class_list":["post-177221","post","type-post","status-publish","format-standard","has-post-thumbnail","hentry","category-destaque","category-geral"],"_links":{"self":[{"href":"https:\/\/www.caririemacao.com\/1\/wp-json\/wp\/v2\/posts\/177221","targetHints":{"allow":["GET"]}}],"collection":[{"href":"https:\/\/www.caririemacao.com\/1\/wp-json\/wp\/v2\/posts"}],"about":[{"href":"https:\/\/www.caririemacao.com\/1\/wp-json\/wp\/v2\/types\/post"}],"author":[{"embeddable":true,"href":"https:\/\/www.caririemacao.com\/1\/wp-json\/wp\/v2\/users\/2"}],"replies":[{"embeddable":true,"href":"https:\/\/www.caririemacao.com\/1\/wp-json\/wp\/v2\/comments?post=177221"}],"version-history":[{"count":1,"href":"https:\/\/www.caririemacao.com\/1\/wp-json\/wp\/v2\/posts\/177221\/revisions"}],"predecessor-version":[{"id":177223,"href":"https:\/\/www.caririemacao.com\/1\/wp-json\/wp\/v2\/posts\/177221\/revisions\/177223"}],"wp:featuredmedia":[{"embeddable":true,"href":"https:\/\/www.caririemacao.com\/1\/wp-json\/wp\/v2\/media\/177222"}],"wp:attachment":[{"href":"https:\/\/www.caririemacao.com\/1\/wp-json\/wp\/v2\/media?parent=177221"}],"wp:term":[{"taxonomy":"category","embeddable":true,"href":"https:\/\/www.caririemacao.com\/1\/wp-json\/wp\/v2\/categories?post=177221"},{"taxonomy":"post_tag","embeddable":true,"href":"https:\/\/www.caririemacao.com\/1\/wp-json\/wp\/v2\/tags?post=177221"}],"curies":[{"name":"wp","href":"https:\/\/api.w.org\/{rel}","templated":true}]}}