{"id":177233,"date":"2020-07-04T07:15:53","date_gmt":"2020-07-04T10:15:53","guid":{"rendered":"https:\/\/www.caririemacao.com\/1\/?p=177233"},"modified":"2020-07-04T07:15:53","modified_gmt":"2020-07-04T10:15:53","slug":"homem-e-preso-por-agredir-idoso-que-tentava-entrar-em-elevador-medo-do-coronavirus","status":"publish","type":"post","link":"https:\/\/www.caririemacao.com\/1\/2020\/07\/04\/homem-e-preso-por-agredir-idoso-que-tentava-entrar-em-elevador-medo-do-coronavirus\/","title":{"rendered":"Homem \u00e9 preso por agredir idoso que tentava entrar em elevador: \u2018Medo do coronav\u00edrus\u2019"},"content":{"rendered":"\n<h1 class=\"wp-block-heading\"><\/h1>\n\n\n\n<p>Um morador de Miami Beach (Fl\u00f3rida, EUA) foi preso ap\u00f3s ser flagrado em v\u00eddeo&nbsp;agredindo um idoso de 86 anos que tentava entrar no elevador&nbsp;em que Nachem Gross estava com a esposa.<\/p>\n\n\n\n<p>Assim que a porta abriu, Nachem, de 72 anos, apontou para Gerald Steiglitz que&nbsp;havia duas pessoas no elevador e que n\u00e3o permitiria a entrada do outro morador&nbsp;do condom\u00ednio. Segundo o advogado do acusado de agress\u00e3o, Nachem estava com&nbsp;\u201cmedo de pegar o coronav\u00edrus\u201d.<\/p>\n\n\n\n<p>Ao ser empurrado para fora do elevador, Gerald trope\u00e7ou e caiu de costas. Dias ap\u00f3s o incidente, ocorrido em 22 de junho, ele ainda exibia um hematoma na parte superior de uma das coxas, reportou a NBC Miami.<\/p>\n\n\n\n<p>Depois de pagar fian\u00e7a, Nachem foi liberado. Ele responder\u00e1 por agress\u00e3o grave.<\/p>\n\n\n\n<p>N\u00e3o existe uma lei espec\u00edfica que regule o funcionamento de elevadores em Miami Beach durante a pandemia.<\/p>\n","protected":false},"excerpt":{"rendered":"<p>Um morador de Miami Beach (Fl\u00f3rida, EUA) foi preso ap\u00f3s ser flagrado em v\u00eddeo&nbsp;agredindo um idoso de 86 anos que tentava entrar no elevador&nbsp;em que&hellip; <\/p>\n","protected":false},"author":2,"featured_media":177234,"comment_status":"closed","ping_status":"closed","sticky":false,"template":"","format":"standard","meta":{"sfsi_plus_gutenberg_text_before_share":"","sfsi_plus_gutenberg_show_text_before_share":"","sfsi_plus_gutenberg_icon_type":"","sfsi_plus_gutenberg_icon_alignemt":"","sfsi_plus_gutenburg_max_per_row":"","footnotes":""},"categories":[12],"tags":[],"class_list":["post-177233","post","type-post","status-publish","format-standard","has-post-thumbnail","hentry","category-policia"],"_links":{"self":[{"href":"https:\/\/www.caririemacao.com\/1\/wp-json\/wp\/v2\/posts\/177233","targetHints":{"allow":["GET"]}}],"collection":[{"href":"https:\/\/www.caririemacao.com\/1\/wp-json\/wp\/v2\/posts"}],"about":[{"href":"https:\/\/www.caririemacao.com\/1\/wp-json\/wp\/v2\/types\/post"}],"author":[{"embeddable":true,"href":"https:\/\/www.caririemacao.com\/1\/wp-json\/wp\/v2\/users\/2"}],"replies":[{"embeddable":true,"href":"https:\/\/www.caririemacao.com\/1\/wp-json\/wp\/v2\/comments?post=177233"}],"version-history":[{"count":1,"href":"https:\/\/www.caririemacao.com\/1\/wp-json\/wp\/v2\/posts\/177233\/revisions"}],"predecessor-version":[{"id":177235,"href":"https:\/\/www.caririemacao.com\/1\/wp-json\/wp\/v2\/posts\/177233\/revisions\/177235"}],"wp:featuredmedia":[{"embeddable":true,"href":"https:\/\/www.caririemacao.com\/1\/wp-json\/wp\/v2\/media\/177234"}],"wp:attachment":[{"href":"https:\/\/www.caririemacao.com\/1\/wp-json\/wp\/v2\/media?parent=177233"}],"wp:term":[{"taxonomy":"category","embeddable":true,"href":"https:\/\/www.caririemacao.com\/1\/wp-json\/wp\/v2\/categories?post=177233"},{"taxonomy":"post_tag","embeddable":true,"href":"https:\/\/www.caririemacao.com\/1\/wp-json\/wp\/v2\/tags?post=177233"}],"curies":[{"name":"wp","href":"https:\/\/api.w.org\/{rel}","templated":true}]}}