{"id":177237,"date":"2020-07-04T07:57:36","date_gmt":"2020-07-04T10:57:36","guid":{"rendered":"https:\/\/www.caririemacao.com\/1\/?p=177237"},"modified":"2020-07-04T07:57:36","modified_gmt":"2020-07-04T10:57:36","slug":"prefeita-anna-lorena-recebe-nova-diretoria-executiva-da-casa-de-acolhimento-sao-sebastiao-2","status":"publish","type":"post","link":"https:\/\/www.caririemacao.com\/1\/2020\/07\/04\/prefeita-anna-lorena-recebe-nova-diretoria-executiva-da-casa-de-acolhimento-sao-sebastiao-2\/","title":{"rendered":"Prefeita Anna Lorena recebe nova diretoria executiva da Casa de Acolhimento S\u00e3o Sebasti\u00e3o"},"content":{"rendered":"\n<h1 class=\"wp-block-heading\"><\/h1>\n\n\n\n<p>A prefeita Anna Lorena recebeu na manh\u00e3 desta quarta-feira, 1, em seu gabinete a visita de representantes da nova diretoria rec\u00e9m eleita da Casa de Acolhimento S\u00e3o Sebasti\u00e3o, popularmente conhecida como o Orfanato de Monteiro.<\/p>\n\n\n\n<p>Por medidas de preven\u00e7\u00e3o e restri\u00e7\u00e3o, a diretoria foi representada por dois membros, entre eles a futura diretora executiva, professora Vanuza Marques.<\/p>\n\n\n\n<p>No encontro, a prefeita reafirmou que a gest\u00e3o municipal prestar\u00e1 total e irrestrito apoio \u00e0 todas as a\u00e7\u00f5es da Casa de Acolhimento que visem levar melhorias para a vidas das crian\u00e7as que moram no local.<\/p>\n\n\n\n<p>\u201cQueremos estreitar ainda mais os la\u00e7os entre o poder p\u00fablico, a institui\u00e7\u00e3o e todas as entidades que com ela colaboram, participando de forma ativa das a\u00e7\u00f5es que levem benef\u00edcios para estas nossa crian\u00e7as\u201d, disse a prefeita.<\/p>\n\n\n\n<p>AUX\u00cdLIO<br>No \u00faltimo m\u00eas de abril, o Poder Executivo enviou e a C\u00e2mara Municipal aprovou um projeto que instituiu um aux\u00edlio financeiro mensal de dois (02) sal\u00e1rios m\u00ednimos para a institui\u00e7\u00e3o.<\/p>\n\n\n\n<p>Tamb\u00e9m foi aprovado o projeto que autorizou a cria\u00e7\u00e3o do Programa \u201cFam\u00edlia Acolhedora\u201d no \u00e2mbito da pol\u00edtica municipal de prote\u00e7\u00e3o a crian\u00e7as e adolescentes em situa\u00e7\u00e3o de risco, inclusive com a concess\u00e3o de todos os incentivos a estas fam\u00edlias que se dispuserem a realizar este.<\/p>\n","protected":false},"excerpt":{"rendered":"<p>A prefeita Anna Lorena recebeu na manh\u00e3 desta quarta-feira, 1, em seu gabinete a visita de representantes da nova diretoria rec\u00e9m eleita da Casa de&hellip; <\/p>\n","protected":false},"author":2,"featured_media":177238,"comment_status":"closed","ping_status":"closed","sticky":false,"template":"","format":"standard","meta":{"sfsi_plus_gutenberg_text_before_share":"","sfsi_plus_gutenberg_show_text_before_share":"","sfsi_plus_gutenberg_icon_type":"","sfsi_plus_gutenberg_icon_alignemt":"","sfsi_plus_gutenburg_max_per_row":"","footnotes":""},"categories":[50,11],"tags":[],"class_list":["post-177237","post","type-post","status-publish","format-standard","has-post-thumbnail","hentry","category-destaque","category-politica"],"_links":{"self":[{"href":"https:\/\/www.caririemacao.com\/1\/wp-json\/wp\/v2\/posts\/177237","targetHints":{"allow":["GET"]}}],"collection":[{"href":"https:\/\/www.caririemacao.com\/1\/wp-json\/wp\/v2\/posts"}],"about":[{"href":"https:\/\/www.caririemacao.com\/1\/wp-json\/wp\/v2\/types\/post"}],"author":[{"embeddable":true,"href":"https:\/\/www.caririemacao.com\/1\/wp-json\/wp\/v2\/users\/2"}],"replies":[{"embeddable":true,"href":"https:\/\/www.caririemacao.com\/1\/wp-json\/wp\/v2\/comments?post=177237"}],"version-history":[{"count":1,"href":"https:\/\/www.caririemacao.com\/1\/wp-json\/wp\/v2\/posts\/177237\/revisions"}],"predecessor-version":[{"id":177239,"href":"https:\/\/www.caririemacao.com\/1\/wp-json\/wp\/v2\/posts\/177237\/revisions\/177239"}],"wp:featuredmedia":[{"embeddable":true,"href":"https:\/\/www.caririemacao.com\/1\/wp-json\/wp\/v2\/media\/177238"}],"wp:attachment":[{"href":"https:\/\/www.caririemacao.com\/1\/wp-json\/wp\/v2\/media?parent=177237"}],"wp:term":[{"taxonomy":"category","embeddable":true,"href":"https:\/\/www.caririemacao.com\/1\/wp-json\/wp\/v2\/categories?post=177237"},{"taxonomy":"post_tag","embeddable":true,"href":"https:\/\/www.caririemacao.com\/1\/wp-json\/wp\/v2\/tags?post=177237"}],"curies":[{"name":"wp","href":"https:\/\/api.w.org\/{rel}","templated":true}]}}