{"id":177245,"date":"2020-07-04T08:05:57","date_gmt":"2020-07-04T11:05:57","guid":{"rendered":"https:\/\/www.caririemacao.com\/1\/?p=177245"},"modified":"2020-07-04T08:05:57","modified_gmt":"2020-07-04T11:05:57","slug":"camara-municipal-de-monteiro-retoma-sessoes-ordinarias-com-todas-as-medidas-de-prevencao","status":"publish","type":"post","link":"https:\/\/www.caririemacao.com\/1\/2020\/07\/04\/camara-municipal-de-monteiro-retoma-sessoes-ordinarias-com-todas-as-medidas-de-prevencao\/","title":{"rendered":"C\u00e2mara Municipal de Monteiro retoma sess\u00f5es ordin\u00e1rias com todas as medidas de preven\u00e7\u00e3o"},"content":{"rendered":"\n<h1 class=\"wp-block-heading\"><\/h1>\n\n\n\n<p>A C\u00e2mara Municipal de Monteiro realizou na noite desta quinta feira, 02, a sua primeira sess\u00e3o ordin\u00e1ria do segundo semestre do ano legislativo de 2020.<br>A sess\u00e3o foi presidida pelo vereador Caj\u00f3 Menezes que adotou todas as medidas de preven\u00e7\u00e3o em virtude da precau\u00e7\u00e3o e preven\u00e7\u00e3o ao v\u00edrus do COVID-19.<br>Logo na entrada, uma m\u00e1quina port\u00e1til de \u00e1lcool em gel com pedaleira \u00e0 disposi\u00e7\u00e3o de todos.<br>Todos os funcion\u00e1rios e vereadores estavam usando m\u00e1scaras de prote\u00e7\u00e3o e respeitando as normas de distanciamento entre si.<br>Foi aplicado \u00e1lcool em gel durante a sess\u00e3o, nos microfones e em outros materiais de expediente necess\u00e1rios de forma cont\u00ednua e tamb\u00e9m \u00e0 disposi\u00e7\u00e3o de vereadores e funcion\u00e1rios.<br>A sess\u00e3o foi transmitida pelo canal da C\u00e2mara Municipal no youtube, para que a popula\u00e7\u00e3o pudesse acompanhar e fiscalizar o trabalho do legislativo mesmo de casa.<br>MENSAGEM DO EXECUTIVO<br>A tradicional mensagem do executivo, que sempre \u00e9 apresentada no in\u00edcio de cada semestre foi enviada pela prefeita Anna Lorena atrav\u00e9s de um v\u00eddeo exibido em um tel\u00e3o.<br>Na mensagem a prefeita fez um balan\u00e7o r\u00e1pido das a\u00e7\u00f5es administrativas do 1\u00ba semestre e prestou contas das obras e a\u00e7\u00f5es que est\u00e3o em andamento atualmente.<\/p>\n","protected":false},"excerpt":{"rendered":"<p>A C\u00e2mara Municipal de Monteiro realizou na noite desta quinta feira, 02, a sua primeira sess\u00e3o ordin\u00e1ria do segundo semestre do ano legislativo de 2020.A&hellip; <\/p>\n","protected":false},"author":2,"featured_media":177246,"comment_status":"closed","ping_status":"closed","sticky":false,"template":"","format":"standard","meta":{"sfsi_plus_gutenberg_text_before_share":"","sfsi_plus_gutenberg_show_text_before_share":"","sfsi_plus_gutenberg_icon_type":"","sfsi_plus_gutenberg_icon_alignemt":"","sfsi_plus_gutenburg_max_per_row":"","footnotes":""},"categories":[2],"tags":[],"class_list":["post-177245","post","type-post","status-publish","format-standard","has-post-thumbnail","hentry","category-geral"],"_links":{"self":[{"href":"https:\/\/www.caririemacao.com\/1\/wp-json\/wp\/v2\/posts\/177245","targetHints":{"allow":["GET"]}}],"collection":[{"href":"https:\/\/www.caririemacao.com\/1\/wp-json\/wp\/v2\/posts"}],"about":[{"href":"https:\/\/www.caririemacao.com\/1\/wp-json\/wp\/v2\/types\/post"}],"author":[{"embeddable":true,"href":"https:\/\/www.caririemacao.com\/1\/wp-json\/wp\/v2\/users\/2"}],"replies":[{"embeddable":true,"href":"https:\/\/www.caririemacao.com\/1\/wp-json\/wp\/v2\/comments?post=177245"}],"version-history":[{"count":1,"href":"https:\/\/www.caririemacao.com\/1\/wp-json\/wp\/v2\/posts\/177245\/revisions"}],"predecessor-version":[{"id":177247,"href":"https:\/\/www.caririemacao.com\/1\/wp-json\/wp\/v2\/posts\/177245\/revisions\/177247"}],"wp:featuredmedia":[{"embeddable":true,"href":"https:\/\/www.caririemacao.com\/1\/wp-json\/wp\/v2\/media\/177246"}],"wp:attachment":[{"href":"https:\/\/www.caririemacao.com\/1\/wp-json\/wp\/v2\/media?parent=177245"}],"wp:term":[{"taxonomy":"category","embeddable":true,"href":"https:\/\/www.caririemacao.com\/1\/wp-json\/wp\/v2\/categories?post=177245"},{"taxonomy":"post_tag","embeddable":true,"href":"https:\/\/www.caririemacao.com\/1\/wp-json\/wp\/v2\/tags?post=177245"}],"curies":[{"name":"wp","href":"https:\/\/api.w.org\/{rel}","templated":true}]}}