{"id":177249,"date":"2020-07-04T08:16:15","date_gmt":"2020-07-04T11:16:15","guid":{"rendered":"https:\/\/www.caririemacao.com\/1\/?p=177249"},"modified":"2020-07-04T08:16:15","modified_gmt":"2020-07-04T11:16:15","slug":"pedi-para-morrer-revela-sikera-junior-sobre-sintomas-da-covid-19","status":"publish","type":"post","link":"https:\/\/www.caririemacao.com\/1\/2020\/07\/04\/pedi-para-morrer-revela-sikera-junior-sobre-sintomas-da-covid-19\/","title":{"rendered":"Pedi para morrer\u201d, revela Sik\u00eara J\u00fanior sobre sintomas da covid-19"},"content":{"rendered":"\n<h1 class=\"wp-block-heading\"><\/h1>\n\n\n\n<p>O apresentador Sik\u00eara J\u00fanior revelou que chegou a pedir para morrer durante o per\u00edodo em que apresentou sintomas ap\u00f3s contrair o novo coronav\u00edrus. A declara\u00e7\u00e3o ocorreu durante grava\u00e7\u00e3o do programa \u2018Mega Senha\u2019, da RedeTV!, que ir\u00e1 ao ar neste s\u00e1bado (4).<\/p>\n\n\n\n<p>\u201cEstava andando com um cilindro de oxig\u00eanio. No 14\u00ba dia eu pedi para morrer, arranquei tudo que estava comigo e disse: \u2018N\u00e3o quero mais viver&#8217;\u201d, contou o apresentador.<\/p>\n\n\n\n<p>Sik\u00eara tamb\u00e9m pediu para as pessoas adotarem medidas de higiene como forma de prevenir a doen\u00e7a. \u201cTome banho, viu. S\u00f3 \u00e1lcool em gel n\u00e3o resolve, n\u00e3o. Use sabonetizinho, depila direitinho, s\u00f3 o \u00e1lcool n\u00e3o \u00e9 limpeza\u201d, alertou em tom bem-humorado.<\/p>\n","protected":false},"excerpt":{"rendered":"<p>O apresentador Sik\u00eara J\u00fanior revelou que chegou a pedir para morrer durante o per\u00edodo em que apresentou sintomas ap\u00f3s contrair o novo coronav\u00edrus. A declara\u00e7\u00e3o&hellip; <\/p>\n","protected":false},"author":2,"featured_media":177250,"comment_status":"closed","ping_status":"closed","sticky":false,"template":"","format":"standard","meta":{"sfsi_plus_gutenberg_text_before_share":"","sfsi_plus_gutenberg_show_text_before_share":"","sfsi_plus_gutenberg_icon_type":"","sfsi_plus_gutenberg_icon_alignemt":"","sfsi_plus_gutenburg_max_per_row":"","footnotes":""},"categories":[2],"tags":[],"class_list":["post-177249","post","type-post","status-publish","format-standard","has-post-thumbnail","hentry","category-geral"],"_links":{"self":[{"href":"https:\/\/www.caririemacao.com\/1\/wp-json\/wp\/v2\/posts\/177249","targetHints":{"allow":["GET"]}}],"collection":[{"href":"https:\/\/www.caririemacao.com\/1\/wp-json\/wp\/v2\/posts"}],"about":[{"href":"https:\/\/www.caririemacao.com\/1\/wp-json\/wp\/v2\/types\/post"}],"author":[{"embeddable":true,"href":"https:\/\/www.caririemacao.com\/1\/wp-json\/wp\/v2\/users\/2"}],"replies":[{"embeddable":true,"href":"https:\/\/www.caririemacao.com\/1\/wp-json\/wp\/v2\/comments?post=177249"}],"version-history":[{"count":1,"href":"https:\/\/www.caririemacao.com\/1\/wp-json\/wp\/v2\/posts\/177249\/revisions"}],"predecessor-version":[{"id":177251,"href":"https:\/\/www.caririemacao.com\/1\/wp-json\/wp\/v2\/posts\/177249\/revisions\/177251"}],"wp:featuredmedia":[{"embeddable":true,"href":"https:\/\/www.caririemacao.com\/1\/wp-json\/wp\/v2\/media\/177250"}],"wp:attachment":[{"href":"https:\/\/www.caririemacao.com\/1\/wp-json\/wp\/v2\/media?parent=177249"}],"wp:term":[{"taxonomy":"category","embeddable":true,"href":"https:\/\/www.caririemacao.com\/1\/wp-json\/wp\/v2\/categories?post=177249"},{"taxonomy":"post_tag","embeddable":true,"href":"https:\/\/www.caririemacao.com\/1\/wp-json\/wp\/v2\/tags?post=177249"}],"curies":[{"name":"wp","href":"https:\/\/api.w.org\/{rel}","templated":true}]}}