{"id":177253,"date":"2020-07-04T08:21:00","date_gmt":"2020-07-04T11:21:00","guid":{"rendered":"https:\/\/www.caririemacao.com\/1\/?p=177253"},"modified":"2020-07-04T08:21:00","modified_gmt":"2020-07-04T11:21:00","slug":"uso-de-mascaras-se-torna-obrigatorio-nas-areas-comuns-de-condominios-na-paraiba","status":"publish","type":"post","link":"https:\/\/www.caririemacao.com\/1\/2020\/07\/04\/uso-de-mascaras-se-torna-obrigatorio-nas-areas-comuns-de-condominios-na-paraiba\/","title":{"rendered":"Uso de m\u00e1scaras se torna obrigat\u00f3rio nas \u00e1reas comuns de condom\u00ednios na Para\u00edba"},"content":{"rendered":"\n<h1 class=\"wp-block-heading\"><\/h1>\n\n\n\n<p>Os condom\u00ednios residenciais da Para\u00edba dever\u00e3o adotar medidas de prote\u00e7\u00e3o e enfrentamento \u00e0 covid-19 e exigir o uso de m\u00e1scaras protetoras por moradores, funcion\u00e1rios, prestadores de servi\u00e7o e visitantes que circulem pelas \u00e1reas comuns do condom\u00ednio. A lei, de autoria das deputadas Estela Bezerra e Camilla Toscano e do deputado Wilson Filho, foi publicada no Di\u00e1rio Oficial do Estado deste s\u00e1bado (4).<\/p>\n\n\n\n<p>Ainda de acordo com a lei, os condom\u00ednios disponibilizar\u00e3o, sempre que poss\u00edvel pias com \u00e1gua e sab\u00e3o ou dispensadores de \u00e1lcool nas \u00e1reas comuns. Fica facultado ao condom\u00ednio impedir a entrada de pessoas que n\u00e3o estiverem utilizando m\u00e1scara ou cobertura sobre o nariz e a boca.<\/p>\n\n\n\n<p>A lei tamb\u00e9m prev\u00ea que o cond\u00f4mino que contrair a covid-19 deve avisar imediatamente ao s\u00edndico sobre a sua condi\u00e7\u00e3o. Al\u00e9m disso, materiais descart\u00e1veis como m\u00e1scaras, luvas e len\u00e7os de papel dever\u00e3o ser descartados em sacola pl\u00e1stica lacrada, para evitar a contamina\u00e7\u00e3o dos profissionais respons\u00e1veis pela coleta do lixo.<\/p>\n\n\n\n<p>Em caso de descumprimento das regras, ser\u00e1 arbitrada multa pelo Poder P\u00fablico Estadual ao condom\u00ednio no valor de 40 a 80 Unidades Fiscais de Refer\u00eancia do Estado da Para\u00edba (UFR-PB).<\/p>\n\n\n\n<p>Poder\u00e1 o condom\u00ednio penalizado cobrar o cond\u00f4mino infrator o pagamento da multa imposta. Caso o descumpridor da lei n\u00e3o seja cond\u00f4mino e tenha adentrado no condom\u00ednio a convite de cond\u00f4mino, poder\u00e1 ser arbitrada advert\u00eancia ao cond\u00f4mino que autorizou a entrada do infrator e havendo reincid\u00eancia ser\u00e1 aplicada multa, sem preju\u00edzo de outras san\u00e7\u00f5es c\u00edveis, administrativa ou penais.<\/p>\n\n\n\n<p>A lei vigorar\u00e1 enquanto durar o estado de calamidade p\u00fablica decorrente da pandemia de covid-19.<\/p>\n","protected":false},"excerpt":{"rendered":"<p>Os condom\u00ednios residenciais da Para\u00edba dever\u00e3o adotar medidas de prote\u00e7\u00e3o e enfrentamento \u00e0 covid-19 e exigir o uso de m\u00e1scaras protetoras por moradores, funcion\u00e1rios, prestadores&hellip; <\/p>\n","protected":false},"author":2,"featured_media":177254,"comment_status":"closed","ping_status":"closed","sticky":false,"template":"","format":"standard","meta":{"sfsi_plus_gutenberg_text_before_share":"","sfsi_plus_gutenberg_show_text_before_share":"","sfsi_plus_gutenberg_icon_type":"","sfsi_plus_gutenberg_icon_alignemt":"","sfsi_plus_gutenburg_max_per_row":"","footnotes":""},"categories":[2],"tags":[],"class_list":["post-177253","post","type-post","status-publish","format-standard","has-post-thumbnail","hentry","category-geral"],"_links":{"self":[{"href":"https:\/\/www.caririemacao.com\/1\/wp-json\/wp\/v2\/posts\/177253","targetHints":{"allow":["GET"]}}],"collection":[{"href":"https:\/\/www.caririemacao.com\/1\/wp-json\/wp\/v2\/posts"}],"about":[{"href":"https:\/\/www.caririemacao.com\/1\/wp-json\/wp\/v2\/types\/post"}],"author":[{"embeddable":true,"href":"https:\/\/www.caririemacao.com\/1\/wp-json\/wp\/v2\/users\/2"}],"replies":[{"embeddable":true,"href":"https:\/\/www.caririemacao.com\/1\/wp-json\/wp\/v2\/comments?post=177253"}],"version-history":[{"count":1,"href":"https:\/\/www.caririemacao.com\/1\/wp-json\/wp\/v2\/posts\/177253\/revisions"}],"predecessor-version":[{"id":177255,"href":"https:\/\/www.caririemacao.com\/1\/wp-json\/wp\/v2\/posts\/177253\/revisions\/177255"}],"wp:featuredmedia":[{"embeddable":true,"href":"https:\/\/www.caririemacao.com\/1\/wp-json\/wp\/v2\/media\/177254"}],"wp:attachment":[{"href":"https:\/\/www.caririemacao.com\/1\/wp-json\/wp\/v2\/media?parent=177253"}],"wp:term":[{"taxonomy":"category","embeddable":true,"href":"https:\/\/www.caririemacao.com\/1\/wp-json\/wp\/v2\/categories?post=177253"},{"taxonomy":"post_tag","embeddable":true,"href":"https:\/\/www.caririemacao.com\/1\/wp-json\/wp\/v2\/tags?post=177253"}],"curies":[{"name":"wp","href":"https:\/\/api.w.org\/{rel}","templated":true}]}}