{"id":17726,"date":"2017-04-12T16:04:59","date_gmt":"2017-04-12T19:04:59","guid":{"rendered":"http:\/\/caririemacao.com\/1\/?p=17726"},"modified":"2017-04-12T16:04:59","modified_gmt":"2017-04-12T19:04:59","slug":"confusao-no-hospital-regional-de-monteiro-termina-na-delegacia","status":"publish","type":"post","link":"https:\/\/www.caririemacao.com\/1\/2017\/04\/12\/confusao-no-hospital-regional-de-monteiro-termina-na-delegacia\/","title":{"rendered":"Confus\u00e3o no Hospital Regional de Monteiro termina na delegacia"},"content":{"rendered":"<p>Uma confus\u00e3o entre duas mulheres e um homem na ultima ter\u00e7a-feira (11) no Hospital Regional de Monteiro, foi terminar na delegacia.<\/p>\n<p>De acordo com informa\u00e7\u00f5es policias, por volta das 11h10min, a guarni\u00e7\u00e3o foi solicitada pela Central de Opera\u00e7\u00f5es Policias\u00a0Militares, informando que no Hospital Regional de Monteiro, estava havendo uma confus\u00e3o.<\/p>\n<p>A guarni\u00e7\u00e3o deslocou-se ao local, e ao chegar constatou que a acusada uma jovem de 26 anos havia amea\u00e7ado uma senhora de 40 anos, e em seguida pegado uma cadeira para jogar em um homem\u00a0de 38 anos, por\u00e9m o o mesmo conseguiu tomar a cadeira da jovem, que em seguida foi agredido com unhadas e um soco no rosto.<\/p>\n<p>Segundo informa\u00e7\u00f5es, as v\u00edtimas e acusada foram conduzidas \u00e0 \u00a014\u00aa Delegacia\u00a0Seccional da Pol\u00edcia Civil de\u00a0Monteiro\/PB, para que fossem tomadas as provid\u00eancias cab\u00edveis. N\u00e3o se sabe ao certo os motivos da confus\u00e3o.<\/p>\n<p><strong>CARIRI EM A\u00c7\u00c3O<\/strong><\/p>\n<p>O Pipoco \u00a0com informa\u00e7\u00f5es da Pol\u00edcia Militar do 11\u00b0BPM.<\/p>\n<p><strong>Leia mais not\u00edcias em\u00a0<a href=\"http:\/\/www.caririemacao.com\/\">caririemacao.com<\/a>, siga nossa p\u00e1gina no\u00a0<a href=\"https:\/\/www.facebook.com\/CaririEmAcao\/?ref=aymt_homepage_panel\">Facebook<\/a>\u00a0e\u00a0<a href=\"https:\/\/www.instagram.com\/cariri_em_acao\/?hl=pt-br\">Instagram<\/a>\u00a0veja nossas mat\u00e9rias e fotos. Voc\u00ea tamb\u00e9m pode enviar informa\u00e7\u00f5es \u00e0 Reda\u00e7\u00e3o do Portal Cariri em A\u00e7\u00e3o pelo WhatsApp (83) 9 9634.5791, (83) 9 9601-1162.<\/strong><\/p>\n","protected":false},"excerpt":{"rendered":"<p>Uma confus\u00e3o entre duas mulheres e um homem na ultima ter\u00e7a-feira (11) no Hospital Regional de Monteiro, foi terminar na delegacia. De acordo com informa\u00e7\u00f5es&hellip; <\/p>\n","protected":false},"author":2,"featured_media":15697,"comment_status":"closed","ping_status":"closed","sticky":false,"template":"","format":"standard","meta":{"sfsi_plus_gutenberg_text_before_share":"","sfsi_plus_gutenberg_show_text_before_share":"","sfsi_plus_gutenberg_icon_type":"","sfsi_plus_gutenberg_icon_alignemt":"","sfsi_plus_gutenburg_max_per_row":"","footnotes":""},"categories":[12],"tags":[],"class_list":["post-17726","post","type-post","status-publish","format-standard","has-post-thumbnail","hentry","category-policia"],"_links":{"self":[{"href":"https:\/\/www.caririemacao.com\/1\/wp-json\/wp\/v2\/posts\/17726","targetHints":{"allow":["GET"]}}],"collection":[{"href":"https:\/\/www.caririemacao.com\/1\/wp-json\/wp\/v2\/posts"}],"about":[{"href":"https:\/\/www.caririemacao.com\/1\/wp-json\/wp\/v2\/types\/post"}],"author":[{"embeddable":true,"href":"https:\/\/www.caririemacao.com\/1\/wp-json\/wp\/v2\/users\/2"}],"replies":[{"embeddable":true,"href":"https:\/\/www.caririemacao.com\/1\/wp-json\/wp\/v2\/comments?post=17726"}],"version-history":[{"count":0,"href":"https:\/\/www.caririemacao.com\/1\/wp-json\/wp\/v2\/posts\/17726\/revisions"}],"wp:featuredmedia":[{"embeddable":true,"href":"https:\/\/www.caririemacao.com\/1\/wp-json\/wp\/v2\/media\/15697"}],"wp:attachment":[{"href":"https:\/\/www.caririemacao.com\/1\/wp-json\/wp\/v2\/media?parent=17726"}],"wp:term":[{"taxonomy":"category","embeddable":true,"href":"https:\/\/www.caririemacao.com\/1\/wp-json\/wp\/v2\/categories?post=17726"},{"taxonomy":"post_tag","embeddable":true,"href":"https:\/\/www.caririemacao.com\/1\/wp-json\/wp\/v2\/tags?post=17726"}],"curies":[{"name":"wp","href":"https:\/\/api.w.org\/{rel}","templated":true}]}}