{"id":17743,"date":"2017-04-12T22:28:31","date_gmt":"2017-04-13T01:28:31","guid":{"rendered":"http:\/\/caririemacao.com\/1\/?p=17743"},"modified":"2017-04-12T22:28:31","modified_gmt":"2017-04-13T01:28:31","slug":"adailson-queiroz-se-reune-com-superintendente-dos-correios-para-resolver-problemas-da-agencia-de-gurjao","status":"publish","type":"post","link":"https:\/\/www.caririemacao.com\/1\/2017\/04\/12\/adailson-queiroz-se-reune-com-superintendente-dos-correios-para-resolver-problemas-da-agencia-de-gurjao\/","title":{"rendered":"Adailson Queiroz se re\u00fane com superintendente dos Correios para resolver problemas da ag\u00eancia de Gurj\u00e3o"},"content":{"rendered":"<p>O vereador Adailson Queiroz Coutinho, esteve nesta quarta-feira (12) com o superintendente dos Correios da Para\u00edba, Francisco Pereira, para tratar sobre a ag\u00eancia dos Correios no munic\u00edpio de Gurj\u00e3o.<\/p>\n<p>Adailsinho disse que Pereira ficou muito sensibilizado com os problemas da ag\u00eancia dos Correios de Gurj\u00e3o, e atendeu algumas reivindica\u00e7\u00f5es feitas durante a reuni\u00e3o, entre elas, a contrata\u00e7\u00e3o de um vigilante armado para ag\u00eancia, contrata\u00e7\u00e3o de um carteiro para entrega de correspond\u00eancias.<\/p>\n<p>O parlamentar recebeu a informa\u00e7\u00e3o de que a ag\u00eancia ir\u00e1 voltar a funcionar com numerais em dinheiro, pois s\u00f3 estava funcionando atrav\u00e9s de cr\u00e9dito por meio de compensa\u00e7\u00e3o. \u201cAcredito que na pr\u00f3xima semana a ag\u00eancia ir\u00e1 funcionar com dinheiro, foi o que garantiu o superintendente dos Correios. Fui muito bem recebido e ele est\u00e1 altamente de bra\u00e7os abertos e receptivos para ajudar a cidade de Gurj\u00e3o, melhorando a nossa ag\u00eancia local\u201d, destacou.<\/p>\n<p><strong>CARIRI EM A\u00c7\u00c3O<\/strong><\/p>\n<p>Leia mais not\u00edcias em\u00a0<a href=\"http:\/\/www.caririemacao.com\/\">caririemacao.com<\/a>, siga nossa p\u00e1gina no<a href=\"https:\/\/www.facebook.com\/CaririEmAcao\/\">\u00a0Facebook<\/a>\u00a0e\u00a0<a href=\"https:\/\/www.instagram.com\/cariri_em_acao\/?hl=pt-br\">Instagram<\/a>\u00a0veja nossas mat\u00e9rias e fotos. Voc\u00ea tamb\u00e9m pode enviar informa\u00e7\u00f5es \u00e0 Reda\u00e7\u00e3o do Portal Cariri em A\u00e7\u00e3o pelo WhatsApp (83) 9 9634.5791, (83) 9 9601-1162.<\/p>\n","protected":false},"excerpt":{"rendered":"<p>O vereador Adailson Queiroz Coutinho, esteve nesta quarta-feira (12) com o superintendente dos Correios da Para\u00edba, Francisco Pereira, para tratar sobre a ag\u00eancia dos Correios&hellip; <\/p>\n","protected":false},"author":2,"featured_media":17735,"comment_status":"closed","ping_status":"closed","sticky":false,"template":"","format":"standard","meta":{"sfsi_plus_gutenberg_text_before_share":"","sfsi_plus_gutenberg_show_text_before_share":"","sfsi_plus_gutenberg_icon_type":"","sfsi_plus_gutenberg_icon_alignemt":"","sfsi_plus_gutenburg_max_per_row":"","footnotes":""},"categories":[11],"tags":[],"class_list":["post-17743","post","type-post","status-publish","format-standard","has-post-thumbnail","hentry","category-politica"],"_links":{"self":[{"href":"https:\/\/www.caririemacao.com\/1\/wp-json\/wp\/v2\/posts\/17743","targetHints":{"allow":["GET"]}}],"collection":[{"href":"https:\/\/www.caririemacao.com\/1\/wp-json\/wp\/v2\/posts"}],"about":[{"href":"https:\/\/www.caririemacao.com\/1\/wp-json\/wp\/v2\/types\/post"}],"author":[{"embeddable":true,"href":"https:\/\/www.caririemacao.com\/1\/wp-json\/wp\/v2\/users\/2"}],"replies":[{"embeddable":true,"href":"https:\/\/www.caririemacao.com\/1\/wp-json\/wp\/v2\/comments?post=17743"}],"version-history":[{"count":0,"href":"https:\/\/www.caririemacao.com\/1\/wp-json\/wp\/v2\/posts\/17743\/revisions"}],"wp:featuredmedia":[{"embeddable":true,"href":"https:\/\/www.caririemacao.com\/1\/wp-json\/wp\/v2\/media\/17735"}],"wp:attachment":[{"href":"https:\/\/www.caririemacao.com\/1\/wp-json\/wp\/v2\/media?parent=17743"}],"wp:term":[{"taxonomy":"category","embeddable":true,"href":"https:\/\/www.caririemacao.com\/1\/wp-json\/wp\/v2\/categories?post=17743"},{"taxonomy":"post_tag","embeddable":true,"href":"https:\/\/www.caririemacao.com\/1\/wp-json\/wp\/v2\/tags?post=17743"}],"curies":[{"name":"wp","href":"https:\/\/api.w.org\/{rel}","templated":true}]}}