{"id":177437,"date":"2020-07-06T06:34:58","date_gmt":"2020-07-06T09:34:58","guid":{"rendered":"https:\/\/www.caririemacao.com\/1\/?p=177437"},"modified":"2020-07-06T06:34:58","modified_gmt":"2020-07-06T09:34:58","slug":"azevedo-aponta-segmentos-fundamentais-para-retomada-gradativa-da-economia-e-confirma-investimentos-de-quase-r-800-milhoes-na-pb","status":"publish","type":"post","link":"https:\/\/www.caririemacao.com\/1\/2020\/07\/06\/azevedo-aponta-segmentos-fundamentais-para-retomada-gradativa-da-economia-e-confirma-investimentos-de-quase-r-800-milhoes-na-pb\/","title":{"rendered":"Azev\u00eado aponta segmentos fundamentais para retomada gradativa da economia e confirma investimentos de quase R$ 800 milh\u00f5es na PB"},"content":{"rendered":"\n<h3 class=\"wp-block-heading\"><\/h3>\n\n\n\n<hr class=\"wp-block-separator\"\/>\n\n\n\n<p>\u201cSe n\u00e3o d\u00e1 para esperar acabar a pandemia, temos que nos moldar as novas condi\u00e7\u00f5es de conviv\u00eancia e impulsionar setores que n\u00e3o v\u00e3o parar\u201d , disse ele citando a constru\u00e7\u00e3o civil, agricultura familiar e agroneg\u00f3cios, al\u00e9m da Ind\u00fastria como segmentos contemplados.<\/p>\n\n\n\n<p>Azev\u00eado ressaltou ainda que deve \u201ccome\u00e7ar a retomada pelo segmento que est\u00e1 liberado em todas as bandeiras e que efetivamente gera empregos muito r\u00e1pido\u201d, como sa\u00edda desse momento de crise.<\/p>\n\n\n\n<p>O chefe do Executivo paraibano confirmou pronunciamento nesta segunda-feira (5) para<strong>\u00a0anunciar investimentos na ordem de quase R$ 800 milh\u00f5es<\/strong>\u00a0com obras e servi\u00e7os em diferentes regi\u00f5es do Estado.<\/p>\n","protected":false},"excerpt":{"rendered":"<p>\u201cSe n\u00e3o d\u00e1 para esperar acabar a pandemia, temos que nos moldar as novas condi\u00e7\u00f5es de conviv\u00eancia e impulsionar setores que n\u00e3o v\u00e3o parar\u201d ,&hellip; <\/p>\n","protected":false},"author":2,"featured_media":177438,"comment_status":"closed","ping_status":"closed","sticky":false,"template":"","format":"standard","meta":{"sfsi_plus_gutenberg_text_before_share":"","sfsi_plus_gutenberg_show_text_before_share":"","sfsi_plus_gutenberg_icon_type":"","sfsi_plus_gutenberg_icon_alignemt":"","sfsi_plus_gutenburg_max_per_row":"","footnotes":""},"categories":[50,11],"tags":[],"class_list":["post-177437","post","type-post","status-publish","format-standard","has-post-thumbnail","hentry","category-destaque","category-politica"],"_links":{"self":[{"href":"https:\/\/www.caririemacao.com\/1\/wp-json\/wp\/v2\/posts\/177437","targetHints":{"allow":["GET"]}}],"collection":[{"href":"https:\/\/www.caririemacao.com\/1\/wp-json\/wp\/v2\/posts"}],"about":[{"href":"https:\/\/www.caririemacao.com\/1\/wp-json\/wp\/v2\/types\/post"}],"author":[{"embeddable":true,"href":"https:\/\/www.caririemacao.com\/1\/wp-json\/wp\/v2\/users\/2"}],"replies":[{"embeddable":true,"href":"https:\/\/www.caririemacao.com\/1\/wp-json\/wp\/v2\/comments?post=177437"}],"version-history":[{"count":1,"href":"https:\/\/www.caririemacao.com\/1\/wp-json\/wp\/v2\/posts\/177437\/revisions"}],"predecessor-version":[{"id":177439,"href":"https:\/\/www.caririemacao.com\/1\/wp-json\/wp\/v2\/posts\/177437\/revisions\/177439"}],"wp:featuredmedia":[{"embeddable":true,"href":"https:\/\/www.caririemacao.com\/1\/wp-json\/wp\/v2\/media\/177438"}],"wp:attachment":[{"href":"https:\/\/www.caririemacao.com\/1\/wp-json\/wp\/v2\/media?parent=177437"}],"wp:term":[{"taxonomy":"category","embeddable":true,"href":"https:\/\/www.caririemacao.com\/1\/wp-json\/wp\/v2\/categories?post=177437"},{"taxonomy":"post_tag","embeddable":true,"href":"https:\/\/www.caririemacao.com\/1\/wp-json\/wp\/v2\/tags?post=177437"}],"curies":[{"name":"wp","href":"https:\/\/api.w.org\/{rel}","templated":true}]}}