{"id":177443,"date":"2020-07-06T06:47:11","date_gmt":"2020-07-06T09:47:11","guid":{"rendered":"https:\/\/www.caririemacao.com\/1\/?p=177443"},"modified":"2020-07-06T06:47:11","modified_gmt":"2020-07-06T09:47:11","slug":"vou-cumprir-o-que-a-lei-pedir-diz-ex-patroa-indiciada-apos-morte-de-miguel","status":"publish","type":"post","link":"https:\/\/www.caririemacao.com\/1\/2020\/07\/06\/vou-cumprir-o-que-a-lei-pedir-diz-ex-patroa-indiciada-apos-morte-de-miguel\/","title":{"rendered":"&#8216;Vou cumprir o que a lei pedir&#8217;, diz ex-patroa indiciada ap\u00f3s morte de Miguel"},"content":{"rendered":"\n<p>&#8220;Eu sinto que eu fiz tudo que eu podia e, se eu pudesse voltar no tempo, eu voltava. Se eu soubesse que tudo isso ia acontecer, eu voltava e ainda tentava fazer mais do que eu fiz naquela hora&#8221;. O depoimento \u00e9 de Sari Gaspar Corte Real, ex-patroa da m\u00e3e de\u00a0Miguel Ot\u00e1vio de Santana, de 5 anos, que caiu do 9\u00ba andar do pr\u00e9dio de luxo\u00a0no Centro do\u00a0<a href=\"https:\/\/g1.globo.com\/pe\/pernambuco\/cidade\/recife\/\">Recife<\/a>. A primeira-dama de Tamandar\u00e9 (Litoral Sul) era respons\u00e1vel por cuidar da crian\u00e7a, quando o acidente aconteceu\u00a0<strong>(veja v\u00eddeo acima)<\/strong>.<\/p>\n\n\n\n<p>Em entrevista ao&nbsp;<strong>Fant\u00e1stico<\/strong>, no escrit\u00f3rio dos advogados dela, tamb\u00e9m no Centro do Recife, Sari falou pela primeira vez \u00e0 imprensa sobre o que ocorreu no dia 2 de junho, data da morte de Miguel.<\/p>\n\n\n\n<p>Na quarta-feira (1\u00ba), ela foi indiciada pela pol\u00edcia por\u00a0abandono de incapaz que resultou em morte.\u00a0O Minist\u00e9rio P\u00fablico\u00a0recebeu o inqu\u00e9rito na sexta-feira (3)\u00a0e, agora, dever\u00e1 decidir se oferece a den\u00fancia contra a primeira-dama \u00e0 Justi\u00e7a.<\/p>\n\n\n\n<p>Miguel caiu do 9\u00ba andar do edif\u00edcio P\u00eder Maur\u00edcio de Nassau, no bairro de Santo Ant\u00f4nio, no Centro do Recife. A m\u00e3e dele, Mirtes Souza, o deixou com a ex-patroa para passear com Mel, a cadela da fam\u00edlia.<\/p>\n\n\n\n<p>Segundo a pol\u00edcia, a crian\u00e7a saiu do apartamento de Sari para procurar a m\u00e3e e foi at\u00e9 os elevadores do condom\u00ednio. Imagens das c\u00e2meras de seguran\u00e7a mostram que, por pelo menos quatro vezes, a primeira-dama de Tamandar\u00e9 conseguiu convencer Miguel a sair dos equipamentos de social e de servi\u00e7o.<\/p>\n\n\n\n<p><br>Na quinta tentativa, o menino entrou no elevador de servi\u00e7o, e a patroa da m\u00e3e pareceu apertar o bot\u00e3o da cobertura. Esse toque,\u00a0segundo a per\u00edcia, aconteceu. Na sequ\u00eancia, Miguel apertou v\u00e1rios bot\u00f5es e ficou sozinho no elevador, que parou no segundo andar, mas o menino n\u00e3o desceu.<\/p>\n\n\n\n<p>No nono andar, o menino saiu do elevador e abriu uma porta. Segundo a pol\u00edcia, ele escalou uma janela, usou a condensadora de ar-condicionado como escada para descer do outro lado e subiu numa grade. Uma das hastes se soltou e, com isso, ele caiu de uma altura de 35 metros.<\/p>\n\n\n\n<p>Segundo Sari, Miguel teria aberto sozinho a porta do apartamento para ir atr\u00e1s da m\u00e3e. &#8220;Ele corre para o elevador, chama o elevador, num instante ele chega. A\u00ed, quando abre a porta, eu digo &#8216;Miguel, voc\u00ea n\u00e3o vai descer, volta pra casa, espera sua m\u00e3e'&#8221;, afirmou a primeira-dama de Tamandar\u00e9.<\/p>\n\n\n\n<figure class=\"wp-block-image\"><img decoding=\"async\" data-src=\"https:\/\/s2.glbimg.com\/ng9GliHY3pQlELnqFED60BbATK8=\/0x0:640x360\/984x0\/smart\/filters:strip_icc()\/i.s3.glbimg.com\/v1\/AUTH_59edd422c0c84a879bd37670ae4f538a\/internal_photos\/bs\/2020\/P\/N\/fBUst7SuemqC7iMt2ucw\/sari.jpg\" alt=\"Sari Corte Real teria apertado bot\u00e3o da cobertura do elevador \u2014 Foto: Reprodu\u00e7\u00e3o\/TV Globo\" src=\"data:image\/svg+xml;base64,PHN2ZyB3aWR0aD0iMSIgaGVpZ2h0PSIxIiB4bWxucz0iaHR0cDovL3d3dy53My5vcmcvMjAwMC9zdmciPjwvc3ZnPg==\" class=\"lazyload\" \/><\/figure>\n\n\n\n<p>Sari Corte Real teria apertado bot\u00e3o da cobertura do elevador \u2014 Foto: Reprodu\u00e7\u00e3o\/TV Globo<\/p>\n\n\n\n<p>Ela disse, ainda, que n\u00e3o apertou o bot\u00e3o da cobertura no elevador. &#8220;Eu s\u00f3 botei a m\u00e3o, fazendo como se eu fosse acionar. Para ver se eu conseguia convencer ele a sair, se dessa forma ele achasse que ia ficar l\u00e1 e fosse sair&#8221;, declarou.<\/p>\n\n\n\n<p>A primeira-dama disse ainda que n\u00e3o passou pela cabe\u00e7a dela o risco que o menino, de 5 anos de idade, poderia correr ficando sozinho no elevador.<\/p>\n\n\n\n<blockquote class=\"wp-block-quote is-layout-flow wp-block-quote-is-layout-flow\"><p>&#8220;Eu n\u00e3o achei que seria essa trag\u00e9dia. Eu acreditei que ele voltaria para o andar, que ele voltaria para o quinto andar, at\u00e9 porque ele sabia o n\u00famero, eu acreditei que ele voltaria para o andar&#8221;, disse.<\/p><\/blockquote>\n\n\n\n<p>Diante das afirma\u00e7\u00f5es de Sari, Mirtes Souza, por sua vez, afirmou que, por ser t\u00e3o pequeno, o filho n\u00e3o conhecia os n\u00fameros. Por morar numa comunidade pobre e ser filho de uma empregada dom\u00e9stica, sequer tinha familiaridade com elevadores.<\/p>\n\n\n\n<p>&#8220;Miguel tinha um pouco de dificuldade com alguns n\u00fameros. Ele tinha facilidade com 0, 1, 2, 4, 7 e alguns n\u00fameros a gente tinha que dizer a ele como fazia ou escrever do lado para ele copiar. Ele n\u00e3o sabia andar de elevador. Nas pouqu\u00edssimas vezes que ele andou de elevador, sempre estava acompanhado tanto por mim quanto pela minha m\u00e3e&#8221;, explicou.<\/p>\n\n\n\n<figure class=\"wp-block-image\"><img decoding=\"async\" data-src=\"https:\/\/s2.glbimg.com\/mfKyxnsCIhSXi2FG7zGcUi1Tukw=\/0x53:773x603\/984x0\/smart\/filters:strip_icc()\/i.s3.glbimg.com\/v1\/AUTH_59edd422c0c84a879bd37670ae4f538a\/internal_photos\/bs\/2020\/O\/Y\/bW4GVvTW6CKeKLBJFdIw\/coletiva-miguel.jpg\" alt=\"Pol\u00edcia Civil concluiu o inqu\u00e9rito sobre a morte do menino Miguel na quarta-feira (1\u00ba) \u2014 Foto: Reprodu\u00e7\u00e3o\/YouTube\" src=\"data:image\/svg+xml;base64,PHN2ZyB3aWR0aD0iMSIgaGVpZ2h0PSIxIiB4bWxucz0iaHR0cDovL3d3dy53My5vcmcvMjAwMC9zdmciPjwvc3ZnPg==\" class=\"lazyload\" \/><\/figure>\n\n\n\n<p>Pol\u00edcia Civil concluiu o inqu\u00e9rito sobre a morte do menino Miguel na quarta-feira (1\u00ba) \u2014 Foto: Reprodu\u00e7\u00e3o\/YouTube<\/p>\n\n\n\n<p>No inqu\u00e9rito da Pol\u00edcia Civil, o delegado Ramon Teixeira, respons\u00e1vel pelas investiga\u00e7\u00f5es, afirma que, quando a porta do elevador se fechou, Sari voltou para o apartamento e n\u00e3o acompanhou a movimenta\u00e7\u00e3o de Miguel para saber se ele estava subindo ou descendo.<\/p>\n\n\n\n<p>Essa informa\u00e7\u00e3o poderia ser conferida pela moradora pelo visor que fica do lado de fora do elevador, mas a primeira-dama informou que n\u00e3o olhou o painel, porque estava ligando para a m\u00e3e do menino.<\/p>\n\n\n\n<p>&#8220;Na mesma hora eu liguei pra Mirtes, mas, ao mesmo tempo, eu estava tentado acalmar a minha filha, que tamb\u00e9m estava desesperada com a situa\u00e7\u00e3o. Eu me via ali, naquela situa\u00e7\u00e3o, com aquela movimenta\u00e7\u00e3o. Minha filha, ele, eu me senti ali, sem conseguir falar com Mirtes, com a minha filha. Foi tudo muito r\u00e1pido&#8221;, disse.<\/p>\n\n\n\n<p>Sari afirmou que n\u00e3o se sentia segura para repreender o menino mais firmemente, porque ela sempre pedia que a m\u00e3e dele ou a av\u00f3, Marta Souza, que tamb\u00e9m era dom\u00e9stica na casa da fam\u00edlia Corte Real, fizessem isso.<\/p>\n\n\n\n<figure class=\"wp-block-image\"><img decoding=\"async\" data-src=\"https:\/\/s2.glbimg.com\/bdTAOwZWtmIx_vGW64Y_97bg_ng=\/0x0:477x267\/984x0\/smart\/filters:strip_icc()\/i.s3.glbimg.com\/v1\/AUTH_59edd422c0c84a879bd37670ae4f538a\/internal_photos\/bs\/2020\/A\/Q\/sU4HDoQSOQn8oHLrdYEw\/miguel.jpg\" alt=\"Miguel Ot\u00e1vio, de 5 anos, morreu ao cair do 9\u00ba andar de edif\u00edcio no Recife \u2014 Foto: Reprodu\u00e7\u00e3o\/Facebook\" src=\"data:image\/svg+xml;base64,PHN2ZyB3aWR0aD0iMSIgaGVpZ2h0PSIxIiB4bWxucz0iaHR0cDovL3d3dy53My5vcmcvMjAwMC9zdmciPjwvc3ZnPg==\" class=\"lazyload\" \/><\/figure>\n\n\n\n<p>Miguel Ot\u00e1vio, de 5 anos, morreu ao cair do 9\u00ba andar de edif\u00edcio no Recife \u2014 Foto: Reprodu\u00e7\u00e3o\/Facebook<\/p>\n\n\n\n<p>&#8220;O maior contato que eu tive com Miguel foram nesses dois meses, na pandemia, quando, em conjunto, elas [Mirtes e Marta Souza] decidiram ir para l\u00e1 para casa, que a gente [levou] todo mundo l\u00e1. E todas as vezes que precisou ser chamada a aten\u00e7\u00e3o dele eu solicitava que ou a m\u00e3e ou a av\u00f3 fizesse isso. Eu nunca me dirigi diretamente a ele para repreender ele em nada, sempre \u00e0 m\u00e3e ou \u00e0 av\u00f3. Eu n\u00e3o me senti segura para isso&#8221;, declarou.<\/p>\n\n\n\n<p>No dia da morte de Miguel,\u00a0Sari foi presa em flagrante por homic\u00eddio culposo,\u00a0quando n\u00e3o h\u00e1 inten\u00e7\u00e3o de matar. No final do inqu\u00e9rito, a pol\u00edcia mudou a tipifica\u00e7\u00e3o para abandono de incapaz que resultou em morte. Esse tipo de delito \u00e9 considerado\u00a0&#8220;preterdoloso&#8221;, que \u00e9 quando algu\u00e9m comete um crime diferente do que planejava cometer.<\/p>\n\n\n\n<blockquote class=\"wp-block-quote is-layout-flow wp-block-quote-is-layout-flow\"><p>&#8220;Eu s\u00f3 sei que eu fiz, naquela hora tudo o que eu podia e, em nenhum momento, eu fiz nada prevendo o que aconteceu&#8221;, declarou.<\/p><\/blockquote>\n\n\n\n<p>Sari Corte Real afirma que n\u00e3o esperava a mudan\u00e7a de tipifica\u00e7\u00e3o, mas que pretende aceitar a decis\u00e3o da Justi\u00e7a sobre o caso. &#8220;Eu acho que do mesmo jeito que eu posso errar, outra pessoa tamb\u00e9m pode errar. A gente \u00e9 ser humano, todo mundo erra&#8221;, disse.<\/p>\n\n\n\n<blockquote class=\"wp-block-quote is-layout-flow wp-block-quote-is-layout-flow\"><p>&#8220;Eu j\u00e1 passei muita coisa na minha vida. J\u00e1 tive tentativa de sequestro, j\u00e1 perdi meu pai num acidente de avi\u00e3o. At\u00e9 hoje estou aqui, firme, porque muita gente depende de mim. Se, l\u00e1 na frente, o resultado for esse [de pris\u00e3o], eu vou cumprir o que a lei pedir. Eu acho que est\u00e1 na m\u00e3o da Justi\u00e7a, n\u00e3o cabe a mim, n\u00e3o cabe \u00e0 m\u00e3e de Miguel julgar, n\u00e3o cabe \u00e0 sociedade. Cabe \u00e0 Justi\u00e7a. Eu vou aguardar o que a Justi\u00e7a decidir&#8221;, declarou.<\/p><\/blockquote>\n\n\n\n<p>Sari informou, ainda, que pediu perd\u00e3o \u00e0 m\u00e3e de Miguel. A manicure dela, que\u00a0estava no apartamento no momento em que o caso ocorreu, afirmou \u00e0 pol\u00edcia que a primeira-dama quis voltar a fazer as unhas depois de tentar que o garoto sa\u00edsse do elevador.<\/p>\n\n\n\n<p>A primeira-dama afirma, no entanto, que sequer teve tempo de sentar. &#8220;Jamais [voltaria a fazer as unhas]. N\u00e3o, naquela situa\u00e7\u00e3o n\u00e3o tinha como, n\u00e3o tinha cabimento. N\u00e3o tinha cabimento um neg\u00f3cio desse&#8221;, afirmou.<\/p>\n\n\n\n<p>Para Sari, o erro cometido por ela foi o de n\u00e3o desconfiar do risco trazido pelo ato de deixar o menino sozinho. &#8220;Eu acho que o meu erro foi fazer igual a eu fazia com o meu filho, de achar que o elevador \u00e9 seguro&#8221;, disse.<\/p>\n\n\n\n<figure class=\"wp-block-image\"><img decoding=\"async\" data-src=\"https:\/\/s2.glbimg.com\/w_LMcWeffk5-VnKOOdDbv1K7XTU=\/0x0:1920x1080\/984x0\/smart\/filters:strip_icc()\/i.s3.glbimg.com\/v1\/AUTH_59edd422c0c84a879bd37670ae4f538a\/internal_photos\/bs\/2020\/1\/r\/7xQbmyQNyZ8qWnViGJBg\/miguel.jpg\" alt=\"Mirtes Souza, m\u00e3e do menino Miguel, ao encontrar o filho no ch\u00e3o depois de cair do 9\u00ba andar \u2014 Foto: Reprodu\u00e7\u00e3o\/TV Globo\" src=\"data:image\/svg+xml;base64,PHN2ZyB3aWR0aD0iMSIgaGVpZ2h0PSIxIiB4bWxucz0iaHR0cDovL3d3dy53My5vcmcvMjAwMC9zdmciPjwvc3ZnPg==\" class=\"lazyload\" \/><\/figure>\n\n\n\n<p>Mirtes Souza, m\u00e3e do menino Miguel, ao encontrar o filho no ch\u00e3o depois de cair do 9\u00ba andar \u2014 Foto: Reprodu\u00e7\u00e3o\/TV Globo<\/p>\n\n\n\n<p>De acordo com a m\u00e3e de Miguel, ela s\u00f3 soube que a ex-patroa poderia estar envolvida no que ocorreu posteriormente. At\u00e9 o momento em que ela estava no Hospital da Restaura\u00e7\u00e3o, no Centro do Recife, para onde o menino foi socorrido, Sari n\u00e3o havia informado a Mirtes o que tinha acontecido.<\/p>\n\n\n\n<p>&#8220;No primeiro momento, o que eu imaginei foi em socorrer, o que a gente podia fazer por ele. Eu dirigi, s\u00f3 Deus sabe como eu dirigi. Nunca cheguei t\u00e3o r\u00e1pido na minha vida num hospital. Eu fiquei com ela [Mirtes Souza] l\u00e1 at\u00e9 por volta de 16h30 ou 16h45. Foi quando eu tive que vir para casa, porque minha amiga precisava voltar para casa e eu precisava ficar com Sofia [a filha dela]&#8221;, afirmou.<\/p>\n\n\n\n<h2 class=\"wp-block-heading\">Dom\u00e9stica<\/h2>\n\n\n\n<p>Para a dom\u00e9stica Mirtes Souza, o filho era o bem mais precioso. A dor da morte de Miguel, segundo ela, s\u00f3 faz aumentar. &#8220;E pensar que eu ainda tenho o resto da vida sem ele \u00e9 o que d\u00f3i mais ainda. Est\u00e1 muito dif\u00edcil olhar para cada cantinho desta casa e n\u00e3o ter meu filho junto comigo. E cada dia que passa \u00e9 mais dif\u00edcil, mais dif\u00edcil&#8221;, disse.<\/p>\n\n\n\n<blockquote class=\"wp-block-quote is-layout-flow wp-block-quote-is-layout-flow\"><p>&#8220;Ela foi irrespons\u00e1vel com o meu filho. Ela n\u00e3o cuidou do meu filho. No momento que ela deixa o meu filho no elevador, em nenhum momento ela se preocupou em saber para qual andar o meu filho foi&#8221;, afirmou Mirtes Souza.<\/p><\/blockquote>\n\n\n\n<p>Para Mirtes Souza, perdoar Sari n\u00e3o \u00e9 poss\u00edvel. &#8220;Eu agora n\u00e3o tenho mais meu filho. Eu n\u00e3o tenho mais meu neguinho por conta da irresponsabilidade dela, por conta da vaidade dela. Eu n\u00e3o tenho mais meu filho. Ela, hoje, tem dois filhos, gra\u00e7as a Deus. Eu n\u00e3o tenho mais nenhum para dar amor, carinho, aten\u00e7\u00e3o. Dar dengo, como eu dava ao meu filho, dar carinho ao meu nen\u00e9m&#8221;, lamentou.<\/p>\n\n\n\n<h2 class=\"wp-block-heading\">Investiga\u00e7\u00e3o e defesa<\/h2>\n\n\n\n<p>N\u00e3o fica claro, pelas imagens da c\u00e2mera de seguran\u00e7a do elevador, se Sari apertou o bot\u00e3o da cobertura. Entretanto, o delegado Ramon Teixeira afirma que esse fato n\u00e3o \u00e9 o mais relevante para a investiga\u00e7\u00e3o.<\/p>\n\n\n\n<p>&#8220;Independentemente da a\u00e7\u00e3o, da conduta de pressionar ou n\u00e3o a tecla da cobertura, o que n\u00f3s entendemos de relevante, j\u00e1 no ato de delito dela, foi o que nos manteve, ainda assim, firmes no sentido de que aquela conduta omissiva, de permitir o fechamento da porta, aquilo, sim, tem valor jur\u00eddico penal bastante relevante. Inclusive para responsabiliza\u00e7\u00e3o penal&#8221;, explicou o delegado.<\/p>\n\n\n\n<p>O depoimento da manicure, de que Sari, enquanto tentava ligar para Mirtes Souza, tentava retomar o tratamento das unhas, tamb\u00e9m \u00e9 importante, no entendimento da pol\u00edcia.<\/p>\n\n\n\n<p>&#8220;Outros elementos de informa\u00e7\u00e3o bastante importantes paro desfecho do caso, a exemplo do depoimento da manicure que l\u00e1 trabalhava, de que a moradora retorna ao seu apartamento para a retomada dos servi\u00e7os de manicure, tratamento e embelezamento das suas unhas, quando rapidamente acontece a trag\u00e9dia&#8221;, afirmou Ramon Teixeira.<\/p>\n\n\n\n<p>No dia em que Sari Corte Real prestou depoimento \u00e0 pol\u00edcia, a\u00a0Delegacia de Santo Amaro, no Centro do Recife, abriu \u00e0s 6h, duas horas antes do expediente normal.\u00a0Mirtes Souza tamb\u00e9m esteve no local e confrontou a primeira-dama.<\/p>\n\n\n\n<p>A Pol\u00edcia Civil justificou que a abertura mais cedo ocorreu por pedido da defesa, que temia aglomera\u00e7\u00f5es e algum tipo de agress\u00e3o contra a primeira-dama.<\/p>\n\n\n\n<figure class=\"wp-block-image\"><img decoding=\"async\" data-src=\"https:\/\/s2.glbimg.com\/MWTAQebgGdrs_fYSGzd1ajFsFjQ=\/0x0:1032x581\/984x0\/smart\/filters:strip_icc()\/i.s3.glbimg.com\/v1\/AUTH_59edd422c0c84a879bd37670ae4f538a\/internal_photos\/bs\/2020\/R\/d\/WvdYaNQJOC5zTsoLR99g\/mirtes-2-.jpeg\" alt=\"M\u00e3e do menino Miguel, Mirtes Renata aguardando sa\u00edda da ex-patroa da Delegacia de Santo Amaro, no Recife \u2014 Foto: Marina Meireles\/G1\" src=\"data:image\/svg+xml;base64,PHN2ZyB3aWR0aD0iMSIgaGVpZ2h0PSIxIiB4bWxucz0iaHR0cDovL3d3dy53My5vcmcvMjAwMC9zdmciPjwvc3ZnPg==\" class=\"lazyload\" \/><\/figure>\n\n\n\n<p>M\u00e3e do menino Miguel, Mirtes Renata aguardando sa\u00edda da ex-patroa da Delegacia de Santo Amaro, no Recife \u2014 Foto: Marina Meireles\/G1<\/p>\n\n\n\n<p>Para o advogado C\u00e9lio Avelino, um dos respons\u00e1veis pela defesa de Sari, a primeira-dama de Tamandar\u00e9 n\u00e3o cometeu crime. &#8220;Abandono \u00e9 aquela vontade de abandonar aquele incapaz, seja uma crian\u00e7a, seja um idoso. \u00c9 a vontade consciente de abandon\u00e1-lo no elevador. Ela n\u00e3o teve essa vontade. Ela n\u00e3o conseguiu demov\u00ea-lo de ficar no elevador&#8221;, alegou.<\/p>\n\n\n\n<p>Entretanto, segundo Thiago Bottino, professor de direito penal da Funda\u00e7\u00e3o Get\u00falio Vargas, a mudan\u00e7a de tipifica\u00e7\u00e3o do crime trouxe um maior rigor ao caso.<\/p>\n\n\n\n<p>&#8220;Abandono de incapaz significa deixar de cuidar de algu\u00e9m que estava sob sua vigil\u00e2ncia. No momento em que essa crian\u00e7a de 5 anos entra num elevador sozinha, ela \u00e9 abandonada a pr\u00f3pria sorte. Poderia n\u00e3o ter ocorrido nenhum resultado mais grave, mas neste caso ocorreu. E esse resultado mais grave, embora n\u00e3o fosse desejo da pessoa que abandonou, ela vai ser responsabilizada por esse resultado, em raz\u00e3o do comportamento anterior, que foi de abandono. Nesse caso espec\u00edfico, se houvesse apenas o abandono, a pena seria uma. Se houvesse apenas les\u00e3o corporal, a pena seria outra. Como houve morte, temos uma pena bem alta, de 4 a 12 anos, que \u00e9 bem maior do que a pena de homic\u00eddio culposo, que \u00e9 de 1 a 3 anos&#8221;, explicou.<\/p>\n\n\n\n<figure class=\"wp-block-image\"><img decoding=\"async\" data-src=\"https:\/\/s2.glbimg.com\/MY_u4avaohTViTVnhiz5u3nbYYo=\/0x0:1700x1065\/984x0\/smart\/filters:strip_icc()\/i.s3.glbimg.com\/v1\/AUTH_59edd422c0c84a879bd37670ae4f538a\/internal_photos\/bs\/2020\/X\/t\/73SI9RStmHcGAZRdkJEw\/portal-tamandare.jpg\" alt=\"M\u00e3e do menino Miguel aparece como funcion\u00e1ria comissionada na prefeitura de Tamandar\u00e9 \u2014 Foto: Reprodu\u00e7\u00e3o\/Portal da Transpar\u00eancia de Tamandar\u00e9\" src=\"data:image\/svg+xml;base64,PHN2ZyB3aWR0aD0iMSIgaGVpZ2h0PSIxIiB4bWxucz0iaHR0cDovL3d3dy53My5vcmcvMjAwMC9zdmciPjwvc3ZnPg==\" class=\"lazyload\" \/><\/figure>\n\n\n\n<p>M\u00e3e do menino Miguel aparece como funcion\u00e1ria comissionada na prefeitura de Tamandar\u00e9 \u2014 Foto: Reprodu\u00e7\u00e3o\/Portal da Transpar\u00eancia de Tamandar\u00e9<\/p>\n\n\n\n<h2 class=\"wp-block-heading\">Funcion\u00e1rias-fantasma<\/h2>\n\n\n\n<p>Depois da trag\u00e9dia, veio \u00e0 tona uma irregularidade na prefeitura de Tamandar\u00e9, envolvendo o marido de Sar\u00ed, o prefeito S\u00e9rgio Hacker (PSB). Mirtes e a m\u00e3e dela, Marta, trabalhavam como dom\u00e9sticas para a fam\u00edlia do prefeito,\u00a0mas eram pagas pela prefeitura. Na quinta-feira (2), o Tribunal de Justi\u00e7a de Pernambuco (TJPE)\u00a0determinou o bloqueio parcial dos bens do prefeito e secret\u00e1ria de Educa\u00e7\u00e3o, Maria da Concei\u00e7\u00e3o Cavalcanti.<\/p>\n\n\n\n<p>Al\u00e9m disso, na quarta-feira (1\u00ba), o Minist\u00e9rio P\u00fablico de Pernambuco\u00a0entrou com uma a\u00e7\u00e3o para que o prefeito responda por improbidade administrativa. Desde a morte de Miguel, a m\u00e3e e av\u00f3 do menino n\u00e3o receberam sequer um centavo. A advogada trabalhista Karla Cavalcanti afirmou que o caso foi judicializado.<\/p>\n\n\n\n<p>&#8220;Judicializamos, pedimos as verbas rescis\u00f3rias, o reconhecimento do per\u00edodo contratual delas, pagamento de Fundo de Garantia do Tempo de Servi\u00e7o (FGTS), de 13\u00ba sal\u00e1rio, de tudo que corresponde \u00e0 indeniza\u00e7\u00e3o da dispensa do funcion\u00e1rio&#8221;, declarou.<\/p>\n\n\n\n<p>A reportagem procurou o prefeito, que afirmou, por meio de nota, que n\u00e3o foi comunicado oficialmente da a\u00e7\u00e3o judicial e que vai recorrer da determina\u00e7\u00e3o de indisponibilidade de bens, porque considera uma medida &#8220;completamente desnecess\u00e1ria&#8221;.<\/p>\n\n\n\n<figure class=\"wp-block-image\"><img decoding=\"async\" data-src=\"https:\/\/s01.video.glbimg.com\/x240\/8664744.jpg\" alt=\"Caso Miguel: Laudo pericial aponta que ex-patroa apertou bot\u00e3o do elevador para cobertura\" title=\"Caso Miguel: Laudo pericial aponta que ex-patroa apertou bot\u00e3o do elevador para cobertura\" src=\"data:image\/svg+xml;base64,PHN2ZyB3aWR0aD0iMSIgaGVpZ2h0PSIxIiB4bWxucz0iaHR0cDovL3d3dy53My5vcmcvMjAwMC9zdmciPjwvc3ZnPg==\" class=\"lazyload\" \/><\/figure>\n\n\n\n<p>00:00\/05:25<\/p>\n\n\n\n<p>Caso Miguel: Laudo pericial aponta que ex-patroa apertou bot\u00e3o do elevador para cobertura<\/p>\n\n\n\n<h2 class=\"wp-block-heading\">Fotos perdidas<\/h2>\n\n\n\n<p>Na sexta-feira (3), a dom\u00e9stica Mirtes Renata declarou que sua\u00a0conta no Instagram foi hackeada. Segundo ela, todas as fotos foram apagadas do perfil.<\/p>\n\n\n\n<p>Ela contou que desapareceram algumas fotos de Miguel, que s\u00f3 eram encontradas nessa rede social. Ela disse ainda que uma sobrinha tentou recuper\u00e1-las, mas n\u00e3o conseguiu.<\/p>\n\n\n\n<figure class=\"wp-block-image\"><img decoding=\"async\" data-src=\"https:\/\/s2.glbimg.com\/wn0qhm1pBJL1LvrN_eCXxBT6oyc=\/0x0:1920x1080\/984x0\/smart\/filters:strip_icc()\/i.s3.glbimg.com\/v1\/AUTH_59edd422c0c84a879bd37670ae4f538a\/internal_photos\/bs\/2020\/g\/O\/Tjo9qgRNArvXTRbgVimQ\/mirtes-miguel-2-.jpg\" alt=\"Mirtes Renata, m\u00e3e de Miguel, de 5 anos, afirmou que conta em rede social foi alvo de hackers \u2014 Foto: Reprodu\u00e7\u00e3o\/TV Globo\" src=\"data:image\/svg+xml;base64,PHN2ZyB3aWR0aD0iMSIgaGVpZ2h0PSIxIiB4bWxucz0iaHR0cDovL3d3dy53My5vcmcvMjAwMC9zdmciPjwvc3ZnPg==\" class=\"lazyload\" \/><\/figure>\n\n\n\n<p>Mirtes Renata, m\u00e3e de Miguel, de 5 anos, afirmou que conta em rede social foi alvo de hackers \u2014 Foto: Reprodu\u00e7\u00e3o\/TV Globo<\/p>\n\n\n\n<p>As fotos foram apagadas no dia 25 de junho. A Pol\u00edcia Civil ainda n\u00e3o foi acionada, segundo Mirtes, at\u00e9 a \u00faltima atualiza\u00e7\u00e3o desta reportagem.<\/p>\n\n\n\n<p>Em entrevista ao&nbsp;<strong>G1<\/strong>, Mirtes disse n\u00e3o saber se as fotos sumiram por causa de uma a\u00e7\u00e3o dolosa de alguma pessoa ou se o respons\u00e1vel queria pegar as imagens.<\/p>\n\n\n\n<h2 class=\"wp-block-heading\">Aux\u00edlio emergencial<\/h2>\n\n\n\n<p>O nome de Sari Gaspar Corte Real aparece no\u00a0portal Dataprev ap\u00f3s um pedido de aux\u00edlio emergencial,\u00a0benef\u00edcio concedido durante a pandemia provocada pelo\u00a0novo coronav\u00edrus.<\/p>\n\n\n\n<p>Segundo o Dataprev, o\u00a0aux\u00edlio emergencial\u00a0foi solicitado em 14 de maio. O portal recebeu o pedido no dia seguinte. Os dois filhos de Sari, de 6 e 3 anos de idade, est\u00e3o cadastrados como parte do grupo familiar. A defesa dela informou, por telefone, que a solicita\u00e7\u00e3o de aux\u00edlio emergencial feita em nome dela \u00e9 uma fraude.<\/p>\n\n\n\n<figure class=\"wp-block-image\"><img decoding=\"async\" data-src=\"https:\/\/s2.glbimg.com\/AgduvxE9_U4ixUeD9LyQYKztxBg=\/0x0:1280x960\/984x0\/smart\/filters:strip_icc()\/i.s3.glbimg.com\/v1\/AUTH_59edd422c0c84a879bd37670ae4f538a\/internal_photos\/bs\/2020\/C\/n\/YzL7etSGKawyjiUYdD2g\/whatsapp-image-2020-06-05-at-15.36.17-1-.jpeg\" alt=\"Manifestantes se reuniram na frente das Torres G\u00eameas, de onde Miguel Ot\u00e1vio caiu \u2014 Foto: Pedro Alves\/G1\" src=\"data:image\/svg+xml;base64,PHN2ZyB3aWR0aD0iMSIgaGVpZ2h0PSIxIiB4bWxucz0iaHR0cDovL3d3dy53My5vcmcvMjAwMC9zdmciPjwvc3ZnPg==\" class=\"lazyload\" \/><\/figure>\n\n\n\n<p>Manifestantes se reuniram na frente das Torres G\u00eameas, de onde Miguel Ot\u00e1vio caiu \u2014 Foto: Pedro Alves\/G1<\/p>\n\n\n\n<h2 class=\"wp-block-heading\">Homenagens<\/h2>\n\n\n\n<p>O caso ganhou repercuss\u00e3o nacional, com\u00a0manifesta\u00e7\u00f5es de pol\u00edticos e artistas\u00a0na internet e cria\u00e7\u00e3o de um abaixo-assinado virtual com mais de 2,5 milh\u00f5es de assinaturas pedindo justi\u00e7a por Miguel.<\/p>\n\n\n\n<p>No dia 12 de junho, durante um\u00a0ato em frente ao pr\u00e9dio de onde Miguel caiu, manifestantes levaram cartazes com pedido de justi\u00e7a e caminharam at\u00e9 a delegacia onde o caso \u00e9 investigado. Eles pediram que a ex-patroa da m\u00e3e do menino fosse punida por homic\u00eddio doloso, quando h\u00e1 inten\u00e7\u00e3o de matar. <\/p>\n","protected":false},"excerpt":{"rendered":"<p>&#8220;Eu sinto que eu fiz tudo que eu podia e, se eu pudesse voltar no tempo, eu voltava. Se eu soubesse que tudo isso ia&hellip; <\/p>\n","protected":false},"author":1,"featured_media":177450,"comment_status":"closed","ping_status":"closed","sticky":false,"template":"","format":"standard","meta":{"sfsi_plus_gutenberg_text_before_share":"","sfsi_plus_gutenberg_show_text_before_share":"","sfsi_plus_gutenberg_icon_type":"","sfsi_plus_gutenberg_icon_alignemt":"","sfsi_plus_gutenburg_max_per_row":"","footnotes":""},"categories":[50,12],"tags":[],"class_list":["post-177443","post","type-post","status-publish","format-standard","has-post-thumbnail","hentry","category-destaque","category-policia"],"_links":{"self":[{"href":"https:\/\/www.caririemacao.com\/1\/wp-json\/wp\/v2\/posts\/177443","targetHints":{"allow":["GET"]}}],"collection":[{"href":"https:\/\/www.caririemacao.com\/1\/wp-json\/wp\/v2\/posts"}],"about":[{"href":"https:\/\/www.caririemacao.com\/1\/wp-json\/wp\/v2\/types\/post"}],"author":[{"embeddable":true,"href":"https:\/\/www.caririemacao.com\/1\/wp-json\/wp\/v2\/users\/1"}],"replies":[{"embeddable":true,"href":"https:\/\/www.caririemacao.com\/1\/wp-json\/wp\/v2\/comments?post=177443"}],"version-history":[{"count":1,"href":"https:\/\/www.caririemacao.com\/1\/wp-json\/wp\/v2\/posts\/177443\/revisions"}],"predecessor-version":[{"id":177451,"href":"https:\/\/www.caririemacao.com\/1\/wp-json\/wp\/v2\/posts\/177443\/revisions\/177451"}],"wp:featuredmedia":[{"embeddable":true,"href":"https:\/\/www.caririemacao.com\/1\/wp-json\/wp\/v2\/media\/177450"}],"wp:attachment":[{"href":"https:\/\/www.caririemacao.com\/1\/wp-json\/wp\/v2\/media?parent=177443"}],"wp:term":[{"taxonomy":"category","embeddable":true,"href":"https:\/\/www.caririemacao.com\/1\/wp-json\/wp\/v2\/categories?post=177443"},{"taxonomy":"post_tag","embeddable":true,"href":"https:\/\/www.caririemacao.com\/1\/wp-json\/wp\/v2\/tags?post=177443"}],"curies":[{"name":"wp","href":"https:\/\/api.w.org\/{rel}","templated":true}]}}