{"id":17745,"date":"2017-04-12T22:33:14","date_gmt":"2017-04-13T01:33:14","guid":{"rendered":"http:\/\/caririemacao.com\/1\/?p=17745"},"modified":"2017-04-12T22:34:23","modified_gmt":"2017-04-13T01:34:23","slug":"prefeito-de-prata-junior-nobrega-emite-mensagem-de-pascoa","status":"publish","type":"post","link":"https:\/\/www.caririemacao.com\/1\/2017\/04\/12\/prefeito-de-prata-junior-nobrega-emite-mensagem-de-pascoa\/","title":{"rendered":"Prefeito de Prata Junior N\u00f3brega emite mensagem de P\u00e1scoa"},"content":{"rendered":"<p><em>Em todas as \u00e9pocas do ano precisamos pensar em Deus e ter f\u00e9, mas nesses dias da semana santa todos deveriam parar e refletir sobre suas vidas e sua rela\u00e7\u00e3o com Deus e com a religi\u00e3o ou doutrina que segue ou acreditar. Afinal j\u00e1 estamos no final da quaresma e devemos repensar a vida o que \u00e9 realmente importante para voc\u00ea viver bem e ser feliz!<\/em><\/p>\n<p><em>Dizia o argeliano Agostinho de Hipona, conhecido como Santo Agostinho. &#8220;Ter f\u00e9 \u00e9 assinar uma folha em branco e deixar que Deus nela escreva o que quiser.&#8221; &#8211; &#8220;O amor \u00e9 a asa veloz que Deus deu \u00e0 alma para que ela voe at\u00e9 o c\u00e9u.&#8221; &#8211; Frase (do italiano Michelangelo di Lodovico Buonarroti Simoni). E o compositor baiano Raul Santos Seixas cantava: &#8220;N\u00e3o diga que a vit\u00f3ria est\u00e1 perdida. Tenha f\u00e9 em Deus, tenha f\u00e9 na vida. Tente outra vez!&#8221; \u00a0Enfim as Defini\u00e7\u00f5es s\u00e3o muitas em torno da &#8220;Semana Maior&#8221;, que \u00e9 o tempo de prepara\u00e7\u00e3o para a celebra\u00e7\u00e3o do Mist\u00e9rio Pascal, paix\u00e3o, morte e ressurrei\u00e7\u00e3o, de Jesus Cristo.<\/em><\/p>\n<p><em>&#8220;A f\u00e9 \u00e9 o farol que carregamos em meio \u00e0 escurid\u00e3o da humanidade. N\u00e3o importa no quem ou em quem, porque \u00e9 &#8220;ela&#8221; o canal que materializa seus pensamentos. Se o mundo n\u00e3o est\u00e1 sendo justo conosco, talvez n\u00f3s estejamos emitindo o sinal errado. Vamos orar e buscar uma forma de percebermos e vivermos essa F\u00e9 para que possamos encher o cora\u00e7\u00e3o de esperan\u00e7a no futuro para construir um mundo mais justo.&#8221; <\/em><\/p>\n<p><strong><em>Junior N\u00f3brega &#8211; Prefeito de Prata\/PB<\/em><\/strong><\/p>\n<p><strong>CARIRI EM A\u00c7\u00c3O<\/strong><\/p>\n<p><em>da Assessoria<\/em><\/p>\n<p>Leia mais not\u00edcias em\u00a0<a href=\"http:\/\/www.caririemacao.com\/\">caririemacao.com<\/a>, siga nossa p\u00e1gina no<a href=\"https:\/\/www.facebook.com\/CaririEmAcao\/\">\u00a0Facebook<\/a>\u00a0e\u00a0<a href=\"https:\/\/www.instagram.com\/cariri_em_acao\/?hl=pt-br\">Instagram<\/a>\u00a0veja nossas mat\u00e9rias e fotos. Voc\u00ea tamb\u00e9m pode enviar informa\u00e7\u00f5es \u00e0 Reda\u00e7\u00e3o do Portal Cariri em A\u00e7\u00e3o pelo WhatsApp (83) 9 9634.5791, (83) 9 9601-1162.<\/p>\n","protected":false},"excerpt":{"rendered":"<p>Em todas as \u00e9pocas do ano precisamos pensar em Deus e ter f\u00e9, mas nesses dias da semana santa todos deveriam parar e refletir sobre&hellip; <\/p>\n","protected":false},"author":2,"featured_media":17746,"comment_status":"closed","ping_status":"closed","sticky":false,"template":"","format":"standard","meta":{"sfsi_plus_gutenberg_text_before_share":"","sfsi_plus_gutenberg_show_text_before_share":"","sfsi_plus_gutenberg_icon_type":"","sfsi_plus_gutenberg_icon_alignemt":"","sfsi_plus_gutenburg_max_per_row":"","footnotes":""},"categories":[6],"tags":[],"class_list":["post-17745","post","type-post","status-publish","format-standard","has-post-thumbnail","hentry","category-cidades"],"_links":{"self":[{"href":"https:\/\/www.caririemacao.com\/1\/wp-json\/wp\/v2\/posts\/17745","targetHints":{"allow":["GET"]}}],"collection":[{"href":"https:\/\/www.caririemacao.com\/1\/wp-json\/wp\/v2\/posts"}],"about":[{"href":"https:\/\/www.caririemacao.com\/1\/wp-json\/wp\/v2\/types\/post"}],"author":[{"embeddable":true,"href":"https:\/\/www.caririemacao.com\/1\/wp-json\/wp\/v2\/users\/2"}],"replies":[{"embeddable":true,"href":"https:\/\/www.caririemacao.com\/1\/wp-json\/wp\/v2\/comments?post=17745"}],"version-history":[{"count":0,"href":"https:\/\/www.caririemacao.com\/1\/wp-json\/wp\/v2\/posts\/17745\/revisions"}],"wp:featuredmedia":[{"embeddable":true,"href":"https:\/\/www.caririemacao.com\/1\/wp-json\/wp\/v2\/media\/17746"}],"wp:attachment":[{"href":"https:\/\/www.caririemacao.com\/1\/wp-json\/wp\/v2\/media?parent=17745"}],"wp:term":[{"taxonomy":"category","embeddable":true,"href":"https:\/\/www.caririemacao.com\/1\/wp-json\/wp\/v2\/categories?post=17745"},{"taxonomy":"post_tag","embeddable":true,"href":"https:\/\/www.caririemacao.com\/1\/wp-json\/wp\/v2\/tags?post=17745"}],"curies":[{"name":"wp","href":"https:\/\/api.w.org\/{rel}","templated":true}]}}