{"id":177457,"date":"2020-07-06T06:58:08","date_gmt":"2020-07-06T09:58:08","guid":{"rendered":"https:\/\/www.caririemacao.com\/1\/?p=177457"},"modified":"2020-07-06T06:58:08","modified_gmt":"2020-07-06T09:58:08","slug":"monteiro-nao-registra-novos-casos-confirmados-de-covid-19-nas-ultimas-24h","status":"publish","type":"post","link":"https:\/\/www.caririemacao.com\/1\/2020\/07\/06\/monteiro-nao-registra-novos-casos-confirmados-de-covid-19-nas-ultimas-24h\/","title":{"rendered":"Monteiro n\u00e3o registra novos casos confirmados de Covid-19 nas \u00faltimas 24h"},"content":{"rendered":"\n<h1 class=\"wp-block-heading\"><\/h1>\n\n\n\n<p>A Secretaria Municipal de Sa\u00fade de Monteiro informou que neste domingo, 05, n\u00e3o tivemos novos casos CONFIRMADOS para Covid-19. O munic\u00edpio tem atualmente 112 casos confirmados da doen\u00e7a.<\/p>\n\n\n\n<p>Dos 112, 55 pacientes j\u00e1 est\u00e3o recuperados.<\/p>\n\n\n\n<p>Refor\u00e7amos a import\u00e2ncia de toda popula\u00e7\u00e3o seguir as orienta\u00e7\u00f5es do distanciamento social, o uso de m\u00e1scaras, a higieniza\u00e7\u00e3o das m\u00e3os e objetos com \u00e1lcool 70% e demais medidas apresentadas pela Secretaria de Sa\u00fade.<\/p>\n","protected":false},"excerpt":{"rendered":"<p>A Secretaria Municipal de Sa\u00fade de Monteiro informou que neste domingo, 05, n\u00e3o tivemos novos casos CONFIRMADOS para Covid-19. O munic\u00edpio tem atualmente 112 casos&hellip; <\/p>\n","protected":false},"author":2,"featured_media":177458,"comment_status":"closed","ping_status":"closed","sticky":false,"template":"","format":"standard","meta":{"sfsi_plus_gutenberg_text_before_share":"","sfsi_plus_gutenberg_show_text_before_share":"","sfsi_plus_gutenberg_icon_type":"","sfsi_plus_gutenberg_icon_alignemt":"","sfsi_plus_gutenburg_max_per_row":"","footnotes":""},"categories":[50,2],"tags":[],"class_list":["post-177457","post","type-post","status-publish","format-standard","has-post-thumbnail","hentry","category-destaque","category-geral"],"_links":{"self":[{"href":"https:\/\/www.caririemacao.com\/1\/wp-json\/wp\/v2\/posts\/177457","targetHints":{"allow":["GET"]}}],"collection":[{"href":"https:\/\/www.caririemacao.com\/1\/wp-json\/wp\/v2\/posts"}],"about":[{"href":"https:\/\/www.caririemacao.com\/1\/wp-json\/wp\/v2\/types\/post"}],"author":[{"embeddable":true,"href":"https:\/\/www.caririemacao.com\/1\/wp-json\/wp\/v2\/users\/2"}],"replies":[{"embeddable":true,"href":"https:\/\/www.caririemacao.com\/1\/wp-json\/wp\/v2\/comments?post=177457"}],"version-history":[{"count":1,"href":"https:\/\/www.caririemacao.com\/1\/wp-json\/wp\/v2\/posts\/177457\/revisions"}],"predecessor-version":[{"id":177459,"href":"https:\/\/www.caririemacao.com\/1\/wp-json\/wp\/v2\/posts\/177457\/revisions\/177459"}],"wp:featuredmedia":[{"embeddable":true,"href":"https:\/\/www.caririemacao.com\/1\/wp-json\/wp\/v2\/media\/177458"}],"wp:attachment":[{"href":"https:\/\/www.caririemacao.com\/1\/wp-json\/wp\/v2\/media?parent=177457"}],"wp:term":[{"taxonomy":"category","embeddable":true,"href":"https:\/\/www.caririemacao.com\/1\/wp-json\/wp\/v2\/categories?post=177457"},{"taxonomy":"post_tag","embeddable":true,"href":"https:\/\/www.caririemacao.com\/1\/wp-json\/wp\/v2\/tags?post=177457"}],"curies":[{"name":"wp","href":"https:\/\/api.w.org\/{rel}","templated":true}]}}