{"id":177461,"date":"2020-07-06T07:03:56","date_gmt":"2020-07-06T10:03:56","guid":{"rendered":"https:\/\/www.caririemacao.com\/1\/?p=177461"},"modified":"2020-07-06T07:09:54","modified_gmt":"2020-07-06T10:09:54","slug":"escritorio-do-crime-rio-das-pedras-e-o-local-que-une-a-milicia-e-o-grupo-de-pistoleiros-de-aluguel","status":"publish","type":"post","link":"https:\/\/www.caririemacao.com\/1\/2020\/07\/06\/escritorio-do-crime-rio-das-pedras-e-o-local-que-une-a-milicia-e-o-grupo-de-pistoleiros-de-aluguel\/","title":{"rendered":"Escrit\u00f3rio do Crime: Rio das Pedras \u00e9 o local que une a mil\u00edcia e o grupo de pistoleiros de aluguel"},"content":{"rendered":"\n<p>\u201cN\u00e3o \u00e9 um escrit\u00f3rio com porta, sala, janela e secret\u00e1ria. Mas quem queria matar sabia onde achar algu\u00e9m pra fazer\u201d. A defini\u00e7\u00e3o de um investigador que atuou no desmantelamento do Escrit\u00f3rio do Crime ajuda a entender a conex\u00e3o entre os pistoleiros e milicianos de Rio das Pedras, o ber\u00e7o da mil\u00edcia no pa\u00eds.<\/p>\n\n\n\n<p>Na ter\u00e7a-feira (30), uma opera\u00e7\u00e3o&nbsp;do Grupo de Atua\u00e7\u00e3o Especial de Combate ao Crime Organizado (Gaeco), do Minist\u00e9rio P\u00fablico do Rio de Janeiro e da Delegacia de Homic\u00eddios, da Pol\u00edcia Civil prendeu dois integrantes do chamado Escrit\u00f3rio do Crime. Dois deles ainda permanecem foragidos.<\/p>\n\n\n\n<p>Muitas vezes esses pap\u00e9is se misturaram, formando um grande n\u00facleo criminoso. A regi\u00e3o habitada em sua maioria por retirantes nordestinos, ainda nos anos de 1960, se protegeu como pode dos avan\u00e7os das fac\u00e7\u00f5es de narcotraficantes que se come\u00e7aram a dominar territ\u00f3rios duas d\u00e9cadas mais tarde.<\/p>\n\n\n\n<p>Rio das Pedras resistiu a guerras sangrentas. E viu surgir a falsa prote\u00e7\u00e3o de grupos paramilitares que prometiam a tranquilidade que moradores n\u00e3o teriam em favelas onde drogas eram vendidas.<\/p>\n\n\n\n<p>O Escrit\u00f3rio do Crime apresentado a partir de investiga\u00e7\u00f5es do Grupo de Atua\u00e7\u00e3o Especial de Combate ao Crime Organizado (Gaeco), do Minist\u00e9rio P\u00fablico do Rio de Janeiro, n\u00e3o \u00e9 exatamente uma novidade em Rio das Pedras. Uma penca de pistoleiros de aluguel da cidade surgiu ali. Mas jamais de maneira t\u00e3o organizada e met\u00f3dica.<\/p>\n\n\n\n<p>A rela\u00e7\u00e3o entre esses assassinos e milicianos pode ser retratada na conex\u00e3o entre os chefes dos dois grupos:&nbsp;Adriano Magalh\u00e3es N\u00f3brega,&nbsp;o ex-capit\u00e3o do Batalh\u00e3o de Opera\u00e7\u00f5es Especiais (Bope), um dos criadores do Escrit\u00f3rio, e&nbsp;Maur\u00edcio Silva da Costa, o Mauri\u00e7\u00e3o&nbsp;ou Careca, um dos chefes da mil\u00edcia de Rio das Pedras.<\/p>\n\n\n\n<figure class=\"wp-block-image\"><img decoding=\"async\" data-src=\"https:\/\/s2.glbimg.com\/bHLi-BFAJxnmzI2LfH3EEO6NzD4=\/0x0:156x210\/984x0\/smart\/filters:strip_icc()\/i.s3.glbimg.com\/v1\/AUTH_59edd422c0c84a879bd37670ae4f538a\/internal_photos\/bs\/2019\/N\/w\/AdsuyhQs2G9xYmdC9ITQ\/mauricao.jpeg\" alt=\"Maur\u00edcio Silva da Costa, o Mauri\u00e7\u00e3o, chefe da mil\u00edcia de Rio das Pedras \u2014 Foto: Divulga\u00e7\u00e3o\" src=\"data:image\/svg+xml;base64,PHN2ZyB3aWR0aD0iMSIgaGVpZ2h0PSIxIiB4bWxucz0iaHR0cDovL3d3dy53My5vcmcvMjAwMC9zdmciPjwvc3ZnPg==\" class=\"lazyload\" \/><\/figure>\n\n\n\n<p>Maur\u00edcio Silva da Costa, o Mauri\u00e7\u00e3o, chefe da mil\u00edcia de Rio das Pedras \u2014 Foto: Divulga\u00e7\u00e3o<\/p>\n\n\n\n<p>Ambos policiais militares, segundo investiga\u00e7\u00f5es, eles mantinham contatos di\u00e1rios, quase sempre presencialmente. Em janeiro de 2019, o Minist\u00e9rio P\u00fablico, com a ajuda de agentes da Pol\u00edcia Federal, desencadearam a a\u00e7\u00e3o que foi o primeiro grande golpe no desmantelamento de todo o esquema criminoso que se perpetuou nas \u00faltimas d\u00e9cadas.<\/p>\n\n\n\n<p>A impunidade dos grupos era t\u00e3o grande que a opera\u00e7\u00e3o foi batizada de&nbsp;\u2018Intoc\u00e1veis\u2019.<\/p>\n\n\n\n<p>O Minist\u00e9rio P\u00fablico denunciou 13 criminosos, entre eles, Mauri\u00e7\u00e3o e Adriano &#8211; al\u00e9m de um major da PM, Ronald Paulo Alves &#8211; como os homens que comandavam a mil\u00edcia em Rio das Pedras e nas favelas vizinhas da Muzema e da Tijuquinha.<\/p>\n\n\n\n<p>O MP descreveu o grupo:<\/p>\n\n\n\n<blockquote class=\"wp-block-quote is-layout-flow wp-block-quote-is-layout-flow\"><p>\u201c&#8230;s\u00e3o os principais l\u00edderes da organiza\u00e7\u00e3o criminosa, coordenando e mantendo controle de todas as empreitadas criminosas, dentre as quais, ramo imobili\u00e1rio com a venda e loca\u00e7\u00e3o ilegal de im\u00f3veis, grilagem de terras, extors\u00e3o de moradores e comerciantes da regi\u00e3o com cobran\u00e7as ilegais de taxas referentes a \u2018servi\u00e7os\u2019 prestados, oculta\u00e7\u00e3o de bens adquiridos com proventos das atividades il\u00edcitas, falsifica\u00e7\u00e3o de documentos p\u00fablicos, agiotagem, utiliza\u00e7\u00e3o de liga\u00e7\u00f5es clandestinas de \u00e1gua e energia e todas as demais atividades para a tomada e manten\u00e7a da domina\u00e7\u00e3o de territ\u00f3rios, sendo certo que nenhuma a\u00e7\u00e3o \u00e9 realizada sem o comando ou autoriza\u00e7\u00e3o do mesmos\u201d.<\/p><\/blockquote>\n\n\n\n<p>Adriano havia estabelecido sua conex\u00e3o com os milicianos, principalmente, na explora\u00e7\u00e3o de moradia. As constru\u00e7\u00f5es irregulares foram bancadas com parte desse dinheiro criminoso. E o l\u00edder do Escrit\u00f3rio passou a ter dezenas de im\u00f3veis para aluguel na regi\u00e3o.<\/p>\n\n\n\n<p>Quando a primeira fase da opera\u00e7\u00e3o Intoc\u00e1veis foi desencadeada, o capit\u00e3o Adriano foi o \u00fanico a escapar. Mauri\u00e7\u00e3o e Ronald foram mandados para pres\u00eddios federais. Meses mais tarde o MP prendeu e denunciou outros 20 envolvidos. E Adriano se manteve foragido.<\/p>\n\n\n\n<figure class=\"wp-block-image\"><img decoding=\"async\" data-src=\"https:\/\/s2.glbimg.com\/mLCmQtwQGKXvU543jY1eY2H-dlU=\/0x0:1700x1765\/984x0\/smart\/filters:strip_icc()\/i.s3.glbimg.com\/v1\/AUTH_59edd422c0c84a879bd37670ae4f538a\/internal_photos\/bs\/2020\/c\/i\/P35POkRBO4MesabxkJ5Q\/adriano1.jpg\" alt=\"Miliciano e ex-capit\u00e3o do Bope Adriano foi morto em opera\u00e7\u00e3o da pol\u00edcia na Bahia \u2014 Foto: Reprodu\u00e7\u00e3o\" src=\"data:image\/svg+xml;base64,PHN2ZyB3aWR0aD0iMSIgaGVpZ2h0PSIxIiB4bWxucz0iaHR0cDovL3d3dy53My5vcmcvMjAwMC9zdmciPjwvc3ZnPg==\" class=\"lazyload\" \/><\/figure>\n\n\n\n<p>Miliciano e ex-capit\u00e3o do Bope Adriano foi morto em opera\u00e7\u00e3o da pol\u00edcia na Bahia \u2014 Foto: Reprodu\u00e7\u00e3o<\/p>\n\n\n\n<p>O ex-oficial da tropa de elite da PM s\u00f3 seria encontrado em fevereiro deste ano, no interior da Bahia, quando acabou morrendo em confronto com a pol\u00edcia local.<\/p>\n\n\n\n<h2 class=\"wp-block-heading\">Os pontos de encontro<\/h2>\n\n\n\n<p>Na den\u00fancia do Gaeco contra os matadores de aluguel s\u00e3o descritas as rela\u00e7\u00f5es do Escrit\u00f3rio do Crime:<\/p>\n\n\n\n<blockquote class=\"wp-block-quote is-layout-flow wp-block-quote-is-layout-flow\"><p>\u201cA organiza\u00e7\u00e3o criminosa conhecida como \u201cEscrit\u00f3rio do Crime\u201d mant\u00e9m conex\u00f5es com organiza\u00e7\u00f5es criminosas independentes, identificando-se no curso desta investiga\u00e7\u00e3o, a estreita liga\u00e7\u00e3o com a mil\u00edcia atuante na localidade de Rio das Pedras\u201d.<\/p><\/blockquote>\n\n\n\n<p>Al\u00e9m dessa conex\u00e3o com Adriano, as investiga\u00e7\u00f5es mostram que, se n\u00e3o tinha um escrit\u00f3rio f\u00edsico, os assassinos profissionais tinham dentro de Rio das Pedras alguns de seus pontos de encontro preferidos.<\/p>\n\n\n\n<p>Um deles \u00e9 a Pizzaria Sabor da Floresta. O relat\u00f3rio de investigadores da Secretaria de Opera\u00e7\u00f5es Integradas (Seopi), do Minist\u00e9rio da Justi\u00e7a, que auxiliou o Gaeco nas investiga\u00e7\u00f5es, aponta que a antena telef\u00f4nica instalada na Estrada de Jacarepagu\u00e1, 3145, bloco 2, Jacarepagu\u00e1, como a de principal capta\u00e7\u00e3o dos aparelhos usados pelos suspeitos.<\/p>\n\n\n\n<figure class=\"wp-block-image\"><img decoding=\"async\" data-src=\"https:\/\/s2.glbimg.com\/g1sqfziuXrds7zNMlfA9Xv06zlw=\/0x0:1280x757\/984x0\/smart\/filters:strip_icc()\/i.s3.glbimg.com\/v1\/AUTH_59edd422c0c84a879bd37670ae4f538a\/internal_photos\/bs\/2020\/o\/I\/lFFe2lTJe050ucX2YRcQ\/escritoriopontodeencontro.jpeg\" alt=\"Padaria Sabor da Floresta, em Rio das Pedras, na Zona Oeste do Rio \u2014 Foto: Reprodu\u00e7\u00e3o\" src=\"data:image\/svg+xml;base64,PHN2ZyB3aWR0aD0iMSIgaGVpZ2h0PSIxIiB4bWxucz0iaHR0cDovL3d3dy53My5vcmcvMjAwMC9zdmciPjwvc3ZnPg==\" class=\"lazyload\" \/><\/figure>\n\n\n\n<p>Padaria Sabor da Floresta, em Rio das Pedras, na Zona Oeste do Rio \u2014 Foto: Reprodu\u00e7\u00e3o<\/p>\n\n\n\n<p>\u201cA \u00e1rea abarcada pelo estabelecimento comercial Pizzaria Sabor da Floresta, local de frequente reuni\u00e3o do grupo criminoso, situado no interior da comunidade de Rio das Pedras&#8221;, informa o documento produzido pelos investigadores.<\/p>\n\n\n\n<p>Em seguida, a promotoria relata toda essa conex\u00e3o entre os grupos:<\/p>\n\n\n\n<blockquote class=\"wp-block-quote is-layout-flow wp-block-quote-is-layout-flow\"><p>\u201cApurou-se que a organiza\u00e7\u00e3o criminosa promove encontros em locais situados no interior da comunidade Rio das Pedras para tratar de suas atividades criminosas e de l\u00e1 os envolvidos seguem para praticar crimes. Sabidamente, o acesso de um conhecido grupo de matadores \u00e0 comunidade que sofre pela domina\u00e7\u00e3o territorial da mil\u00edcia h\u00e1 mais de 10 anos, somente seria vi\u00e1vel com plena aquiesc\u00eancia da lideran\u00e7a local.<\/p><\/blockquote>\n\n\n\n<p>Para os investigadores que confeccionaram os relat\u00f3rios, dois foram os pontos eleitos pelo grupo para os encontros.<\/p>\n\n\n\n<p>O primeiro, uma padaria identificada pelo nome fantasia Padaria Sabor da Floresta, localizada na Estrada de Jacarepagu\u00e1. O segundo, um condom\u00ednio residencial, conhecido como Condom\u00ednio Floresta, no Itanhang\u00e1.<\/p>\n\n\n\n<p>Para os investigadores, foi dessa padaria que&nbsp;os assassinos de Marcelo Diotti&nbsp;sa\u00edram na noite de 14 de mar\u00e7o de 2018. Neste local, foram cumpridos mandados de busca e apreens\u00e3o.<\/p>\n\n\n\n<p>Mas n\u00e3o foi poss\u00edvel apreender as imagens que comprovassem as reuni\u00f5es do grupo no local.<\/p>\n\n\n\n<p>Um policial da Delegacia de Homic\u00eddios chegou a pegar imagens gravadas do condom\u00ednio em 14 de mar\u00e7o. O objetivo era saber se havia conex\u00e3o do Escrit\u00f3rio do Crime&nbsp;com a morte da vereadora Marielle Franco e do motorista Anderson Gomes, ocorridas no mesmo dia. A grava\u00e7\u00e3o, no entanto, foi corrompida por problemas t\u00e9cnicos e algumas horas de filmagem se perderam.<\/p>\n\n\n\n<p>Com quase 40 presos entre milicianos e pistoleiros ao longo dos \u00faltimos 18 meses de investiga\u00e7\u00f5es, essa conex\u00e3o Escrit\u00f3rio do Crime x Rio das Pedras parece ter sofrido seu mais duro golpe at\u00e9 hoje.<\/p>\n\n\n\n<p>Com G1<\/p>\n","protected":false},"excerpt":{"rendered":"<p>\u201cN\u00e3o \u00e9 um escrit\u00f3rio com porta, sala, janela e secret\u00e1ria. Mas quem queria matar sabia onde achar algu\u00e9m pra fazer\u201d. A defini\u00e7\u00e3o de um investigador&hellip; <\/p>\n","protected":false},"author":1,"featured_media":177464,"comment_status":"closed","ping_status":"closed","sticky":false,"template":"","format":"standard","meta":{"sfsi_plus_gutenberg_text_before_share":"","sfsi_plus_gutenberg_show_text_before_share":"","sfsi_plus_gutenberg_icon_type":"","sfsi_plus_gutenberg_icon_alignemt":"","sfsi_plus_gutenburg_max_per_row":"","footnotes":""},"categories":[50,12],"tags":[],"class_list":["post-177461","post","type-post","status-publish","format-standard","has-post-thumbnail","hentry","category-destaque","category-policia"],"_links":{"self":[{"href":"https:\/\/www.caririemacao.com\/1\/wp-json\/wp\/v2\/posts\/177461","targetHints":{"allow":["GET"]}}],"collection":[{"href":"https:\/\/www.caririemacao.com\/1\/wp-json\/wp\/v2\/posts"}],"about":[{"href":"https:\/\/www.caririemacao.com\/1\/wp-json\/wp\/v2\/types\/post"}],"author":[{"embeddable":true,"href":"https:\/\/www.caririemacao.com\/1\/wp-json\/wp\/v2\/users\/1"}],"replies":[{"embeddable":true,"href":"https:\/\/www.caririemacao.com\/1\/wp-json\/wp\/v2\/comments?post=177461"}],"version-history":[{"count":2,"href":"https:\/\/www.caririemacao.com\/1\/wp-json\/wp\/v2\/posts\/177461\/revisions"}],"predecessor-version":[{"id":177466,"href":"https:\/\/www.caririemacao.com\/1\/wp-json\/wp\/v2\/posts\/177461\/revisions\/177466"}],"wp:featuredmedia":[{"embeddable":true,"href":"https:\/\/www.caririemacao.com\/1\/wp-json\/wp\/v2\/media\/177464"}],"wp:attachment":[{"href":"https:\/\/www.caririemacao.com\/1\/wp-json\/wp\/v2\/media?parent=177461"}],"wp:term":[{"taxonomy":"category","embeddable":true,"href":"https:\/\/www.caririemacao.com\/1\/wp-json\/wp\/v2\/categories?post=177461"},{"taxonomy":"post_tag","embeddable":true,"href":"https:\/\/www.caririemacao.com\/1\/wp-json\/wp\/v2\/tags?post=177461"}],"curies":[{"name":"wp","href":"https:\/\/api.w.org\/{rel}","templated":true}]}}