{"id":177468,"date":"2020-07-06T07:18:01","date_gmt":"2020-07-06T10:18:01","guid":{"rendered":"https:\/\/www.caririemacao.com\/1\/?p=177468"},"modified":"2020-07-06T07:18:01","modified_gmt":"2020-07-06T10:18:01","slug":"sume-nao-registra-casos-do-coronavirus-nas-ultimas-24-horas","status":"publish","type":"post","link":"https:\/\/www.caririemacao.com\/1\/2020\/07\/06\/sume-nao-registra-casos-do-coronavirus-nas-ultimas-24-horas\/","title":{"rendered":"Sum\u00e9 n\u00e3o registra casos do coronav\u00edrus nas \u00faltimas 24 horas"},"content":{"rendered":"\n<h1 class=\"wp-block-heading\"><\/h1>\n\n\n\n<p>A Secretaria de Sa\u00fade de Sum\u00e9 informa que n\u00e3o houve registros de novos casos de coronav\u00edrus neste domingo, 5, no munic\u00edpio<\/p>\n\n\n\n<p>Sum\u00e9 segue com 71 casos confirmados, 26 recuperados e 45 ativos.<\/p>\n\n\n\n<p><em><strong>Not\u00edcias em Destaque<\/strong><\/em><\/p>\n","protected":false},"excerpt":{"rendered":"<p>A Secretaria de Sa\u00fade de Sum\u00e9 informa que n\u00e3o houve registros de novos casos de coronav\u00edrus neste domingo, 5, no munic\u00edpio Sum\u00e9 segue com 71&hellip; <\/p>\n","protected":false},"author":2,"featured_media":177469,"comment_status":"closed","ping_status":"closed","sticky":false,"template":"","format":"standard","meta":{"sfsi_plus_gutenberg_text_before_share":"","sfsi_plus_gutenberg_show_text_before_share":"","sfsi_plus_gutenberg_icon_type":"","sfsi_plus_gutenberg_icon_alignemt":"","sfsi_plus_gutenburg_max_per_row":"","footnotes":""},"categories":[50,2],"tags":[],"class_list":["post-177468","post","type-post","status-publish","format-standard","has-post-thumbnail","hentry","category-destaque","category-geral"],"_links":{"self":[{"href":"https:\/\/www.caririemacao.com\/1\/wp-json\/wp\/v2\/posts\/177468","targetHints":{"allow":["GET"]}}],"collection":[{"href":"https:\/\/www.caririemacao.com\/1\/wp-json\/wp\/v2\/posts"}],"about":[{"href":"https:\/\/www.caririemacao.com\/1\/wp-json\/wp\/v2\/types\/post"}],"author":[{"embeddable":true,"href":"https:\/\/www.caririemacao.com\/1\/wp-json\/wp\/v2\/users\/2"}],"replies":[{"embeddable":true,"href":"https:\/\/www.caririemacao.com\/1\/wp-json\/wp\/v2\/comments?post=177468"}],"version-history":[{"count":1,"href":"https:\/\/www.caririemacao.com\/1\/wp-json\/wp\/v2\/posts\/177468\/revisions"}],"predecessor-version":[{"id":177470,"href":"https:\/\/www.caririemacao.com\/1\/wp-json\/wp\/v2\/posts\/177468\/revisions\/177470"}],"wp:featuredmedia":[{"embeddable":true,"href":"https:\/\/www.caririemacao.com\/1\/wp-json\/wp\/v2\/media\/177469"}],"wp:attachment":[{"href":"https:\/\/www.caririemacao.com\/1\/wp-json\/wp\/v2\/media?parent=177468"}],"wp:term":[{"taxonomy":"category","embeddable":true,"href":"https:\/\/www.caririemacao.com\/1\/wp-json\/wp\/v2\/categories?post=177468"},{"taxonomy":"post_tag","embeddable":true,"href":"https:\/\/www.caririemacao.com\/1\/wp-json\/wp\/v2\/tags?post=177468"}],"curies":[{"name":"wp","href":"https:\/\/api.w.org\/{rel}","templated":true}]}}