{"id":177478,"date":"2020-07-06T07:33:32","date_gmt":"2020-07-06T10:33:32","guid":{"rendered":"https:\/\/www.caririemacao.com\/1\/?p=177478"},"modified":"2020-07-06T07:33:32","modified_gmt":"2020-07-06T10:33:32","slug":"foragido-da-justica-por-assalto-a-banco-e-preso-pela-prf-com-veiculo-roubado-na-paraiba","status":"publish","type":"post","link":"https:\/\/www.caririemacao.com\/1\/2020\/07\/06\/foragido-da-justica-por-assalto-a-banco-e-preso-pela-prf-com-veiculo-roubado-na-paraiba\/","title":{"rendered":"Foragido da justi\u00e7a por assalto a banco \u00e9 preso pela PRF com ve\u00edculo roubado, na Para\u00edba"},"content":{"rendered":"\n<h1 class=\"wp-block-heading\"><\/h1>\n\n\n\n<p>Um homem foragido da justi\u00e7a pelos crimes de assalto a banco, tentativa de sequestro e uso de explosivos foi preso pela Pol\u00edcia Rodovi\u00e1ria Federal (PRF) com um ve\u00edculo roubado na noite desta sexta-feira (3), no Sert\u00e3o da Para\u00edba.<\/p>\n\n\n\n<p>De acordo com a Pol\u00edcia Civil, ele teria sido solto h\u00e1 10 dias, com a obriga\u00e7\u00e3o de usar tornozeleira eletr\u00f4nica, em virtude da crise provocada pela Covid-19.<\/p>\n\n\n\n<p>Segundo a PRF, os policiais deram ordem de parada a um ve\u00edculo durante fiscaliza\u00e7\u00e3o na BR 230, km 310, na Unidade Operacional de S\u00e3o Mamede. O condutor empreendeu fuga em alta velocidade e foi abordado pelos pol\u00edcias ap\u00f3s cerca de 10 km de persegui\u00e7\u00e3o.<\/p>\n","protected":false},"excerpt":{"rendered":"<p>Um homem foragido da justi\u00e7a pelos crimes de assalto a banco, tentativa de sequestro e uso de explosivos foi preso pela Pol\u00edcia Rodovi\u00e1ria Federal (PRF)&hellip; <\/p>\n","protected":false},"author":2,"featured_media":177479,"comment_status":"closed","ping_status":"closed","sticky":false,"template":"","format":"standard","meta":{"sfsi_plus_gutenberg_text_before_share":"","sfsi_plus_gutenberg_show_text_before_share":"","sfsi_plus_gutenberg_icon_type":"","sfsi_plus_gutenberg_icon_alignemt":"","sfsi_plus_gutenburg_max_per_row":"","footnotes":""},"categories":[12],"tags":[],"class_list":["post-177478","post","type-post","status-publish","format-standard","has-post-thumbnail","hentry","category-policia"],"_links":{"self":[{"href":"https:\/\/www.caririemacao.com\/1\/wp-json\/wp\/v2\/posts\/177478","targetHints":{"allow":["GET"]}}],"collection":[{"href":"https:\/\/www.caririemacao.com\/1\/wp-json\/wp\/v2\/posts"}],"about":[{"href":"https:\/\/www.caririemacao.com\/1\/wp-json\/wp\/v2\/types\/post"}],"author":[{"embeddable":true,"href":"https:\/\/www.caririemacao.com\/1\/wp-json\/wp\/v2\/users\/2"}],"replies":[{"embeddable":true,"href":"https:\/\/www.caririemacao.com\/1\/wp-json\/wp\/v2\/comments?post=177478"}],"version-history":[{"count":1,"href":"https:\/\/www.caririemacao.com\/1\/wp-json\/wp\/v2\/posts\/177478\/revisions"}],"predecessor-version":[{"id":177480,"href":"https:\/\/www.caririemacao.com\/1\/wp-json\/wp\/v2\/posts\/177478\/revisions\/177480"}],"wp:featuredmedia":[{"embeddable":true,"href":"https:\/\/www.caririemacao.com\/1\/wp-json\/wp\/v2\/media\/177479"}],"wp:attachment":[{"href":"https:\/\/www.caririemacao.com\/1\/wp-json\/wp\/v2\/media?parent=177478"}],"wp:term":[{"taxonomy":"category","embeddable":true,"href":"https:\/\/www.caririemacao.com\/1\/wp-json\/wp\/v2\/categories?post=177478"},{"taxonomy":"post_tag","embeddable":true,"href":"https:\/\/www.caririemacao.com\/1\/wp-json\/wp\/v2\/tags?post=177478"}],"curies":[{"name":"wp","href":"https:\/\/api.w.org\/{rel}","templated":true}]}}