{"id":177481,"date":"2020-07-06T07:39:05","date_gmt":"2020-07-06T10:39:05","guid":{"rendered":"https:\/\/www.caririemacao.com\/1\/?p=177481"},"modified":"2020-07-06T07:39:05","modified_gmt":"2020-07-06T10:39:05","slug":"paraiba-confirma-422-novos-casos-de-covid-19-em-24h-total-de-mortes-chega-a-1-099-e-total-de-infectados-chega-a-52-728","status":"publish","type":"post","link":"https:\/\/www.caririemacao.com\/1\/2020\/07\/06\/paraiba-confirma-422-novos-casos-de-covid-19-em-24h-total-de-mortes-chega-a-1-099-e-total-de-infectados-chega-a-52-728\/","title":{"rendered":"Para\u00edba confirma 422 novos casos de Covid-19 em 24h; total de mortes chega a 1.099 e total de infectados chega a 52.728"},"content":{"rendered":"\n<h1 class=\"wp-block-heading\"><\/h1>\n\n\n\n<p>A Para\u00edba registrou neste domingo (05)&nbsp;422 novos casos de Covid-19 e 17 \u00f3bitos confirmados desde a \u00faltima atualiza\u00e7\u00e3o, 3 deles ocorridos nas \u00faltimas 24h. S\u00e3o 52.728 pessoas que j\u00e1 contra\u00edram a doen\u00e7a, 18.049 que j\u00e1 se recuperaram e 1.099 faleceram. At\u00e9 o momento, 154.612 testes para diagn\u00f3stico da Covid-19 j\u00e1 foram realizados.&nbsp;<\/p>\n\n\n\n<p>A ocupa\u00e7\u00e3o total de leitos de UTI (adulto, pedi\u00e1trico e obst\u00e9trico) em todo o estado \u00e9 de 61%. Fazendo um&nbsp; recorte apenas dos leitos de UTI para adultos na Regi\u00e3o Metropolitana de Jo\u00e3o Pessoa, a taxa de ocupa\u00e7\u00e3o chega a 66%. Em Campina Grande, est\u00e3o ocupados 65% dos leitos de UTI adulto e no sert\u00e3o, 54% dos leitos de UTI para adultos.&nbsp;&nbsp;<\/p>\n\n\n\n<p>O \u00edndice de Isolamento Social foi de apenas 40,47%, considerado baixo em rela\u00e7\u00e3o \u00e0 meta de 70% e \u00e0 m\u00ednima de 50%.&nbsp;<\/p>\n\n\n\n<p>Os casos confirmados est\u00e3o distribu\u00eddos por 218 dos 223 munic\u00edpios paraibanos:<\/p>\n\n\n\n<p>\u00c1gua Branca (33); Aguiar (17); Alagoa Grande (455); Alagoa Nova (178); Alagoinha (488); Alcantil (21); Algod\u00e3o de Janda\u00edra (3); Alhandra (362); Amparo (12); Aparecida (33); Ara\u00e7agi (306); Arara (105); Araruna (111); Areia (178); Areia de Bara\u00fanas (1); Areial (30); Aroeiras (96); Assun\u00e7\u00e3o (26); Baia da Trai\u00e7\u00e3o (201); Bananeiras (83); Bara\u00fana (116); Barra de Santa Rosa (18); Barra de Santana (60); Barra de S\u00e3o Miguel (7); Bayeux (932); Bel\u00e9m (348); Bel\u00e9m do Brejo do Cruz (9); Bernardino Batista (3); Boa Ventura (3); Boa Vista (53); Bom Jesus (6); Bom Sucesso (7); Bonito de Santa F\u00e9 (3); Boqueir\u00e3o (151); Borborema (7); Brejo do Cruz (118); Brejo dos Santos (8); Caapor\u00e3 (778); Cabaceiras (11); Cabedelo (1934); Cachoeira dos \u00cdndios (44); Cacimba de Areia (7); Cacimba de Dentro (53); Cacimbas (40); Cai\u00e7ara (249); Cajazeiras (646); Cajazeirinhas (1); Caldas Brand\u00e3o (97); Camala\u00fa (1); Campina Grande (7126); Capim (103); Cara\u00fabas (24); Carrapateira (20); Casserengue (136); Catingueira (15), Catol\u00e9 do Rocha (169); Caturit\u00e9 (61); Concei\u00e7\u00e3o (34); Condado (83); Conde (422); Congo (36); Coremas (37); Coxixola (12); Cruz do Esp\u00edrito Santo (188); Cubati (45); Cuit\u00e9 (115); Cuit\u00e9 de Mamanguape (58); Cuiteg\u00ed (155); Curral de Cima (15); Curral Velho (1), Dami\u00e3o (3); Desterro (36); Diamante (3); Dona In\u00eas (24); Duas Estradas (42); Emas (3); Esperan\u00e7a (282); Fagundes (47); Frei Martinho (3); Gado Bravo (73); Guarabira (2440); Gurinh\u00e9m (200); Gurj\u00e3o (19); Ibiara (11); Igaracy (4); Imaculada (22); Ing\u00e1 (387); Itabaiana (691); Itaporanga (48); Itapororoca (255); Itatuba (158); Jacara\u00fa (137); Jeric\u00f3 (6); Jo\u00e3o Pessoa (14777); Joca Claudino (2); Juarez T\u00e1vora (166); Juazeirinho (117); Junco do Serid\u00f3 (27); Juripiranga (321); Juru (13); Lagoa (3); Lagoa de Dentro (47); Lagoa Seca (439); Lastro (13); Livramento (43); Logradouro (64); Lucena (193); M\u00e3e d&#8217;\u00c1gua (12); Malta (21); Mamanguape (1403); Mana\u00edra (7); Marca\u00e7\u00e3o (56); Mari (437); Mariz\u00f3polis (8); Massaranduba (182); Mataraca (105); Matinhas (45); Mato Grosso (7); Matureia (24); Mogeiro (79); Montadas (34); Monteiro (108); Mulungu (188); Natuba (44); Nazarezinho (7); Nova Floresta (18), Nova Olinda (6); Nova Palmeira (35); Olho D\u00b4\u00c1gua (34); Olivedos (38);&nbsp; Parari (4); Passagem (29); Patos (1712); Paulista (64); Pedra Lavrada (22); Pedras de Fogo (994); Pedro R\u00e9gis (26); Pianc\u00f3 (66); Picu\u00ed (91); Pilar (169); Pil\u00f5es (38); Pil\u00f5ezinhos (166); Pirpirituba (108); Pitimbu (491); Pocinhos (63);&nbsp; Po\u00e7o Dantas (3); Pombal (163); Prata (2); Princesa Isabel (41); Puxinan\u00e3 (193);&nbsp; Queimadas (570); Quixaba (26); Rem\u00edgio (160); Riach\u00e3o (26); Riach\u00e3o do Bacamarte (188);&nbsp; Riach\u00e3o do Po\u00e7o (35); Riacho de Santo Ant\u00f4nio (18); Riacho dos Cavalos (4); Rio Tinto (538); Salgadinho (10); Salgado de S\u00e3o Felix (109); Santa Cec\u00edlia (21); Santa Cruz (13); Santa Helena (10); Santa In\u00eas (17);&nbsp; Santa Luzia (172); Santa Rita (1337); Santa Terezinha (31); Santana de Mangueira (1); Santana dos Garrotes (6); Santo Andr\u00e9 (5); S\u00e3o Bentinho (21); S\u00e3o Bento (602); S\u00e3o Domingos do Cariri (17);&nbsp; S\u00e3o Francisco (8);&nbsp; S\u00e3o Jo\u00e3o do Cariri (28); S\u00e3o Jo\u00e3o do Rio do Peixe (64); S\u00e3o Jo\u00e3o do Tigre (4); S\u00e3o Jos\u00e9 da Lagoa Tapada (18); S\u00e3o Jos\u00e9 de Caiana (29); S\u00e3o Jos\u00e9 de Espinharas (7); S\u00e3o Jos\u00e9 de Piranhas (70); S\u00e3o Jos\u00e9 de Princesa (1); S\u00e3o Jos\u00e9 do Bonfim (51); S\u00e3o Jos\u00e9 do Brejo do Cruz (5); S\u00e3o Jos\u00e9 do Sabugi (163); S\u00e3o Jos\u00e9 dos Cordeiros (4); S\u00e3o Jos\u00e9 dos Ramos (104); S\u00e3o Mamede (31); S\u00e3o Miguel de Taipu (76); S\u00e3o Sebasti\u00e3o de Lagoa de Ro\u00e7a (124); S\u00e3o Sebasti\u00e3o do Umbuzeiro (4); S\u00e3o Vicente do Serid\u00f3 (23); Sap\u00e9 (558); Serra Branca (62); Serra da Ra\u00edz (13); Serra Grande (6); Serra Redonda (143); Serraria (28); Sert\u00e3ozinho (39); Sobrado (75); Sol\u00e2nea (177); Soledade (90); Sossego (7), Sousa (615); Sum\u00e9 (69); Tacima (68); Tapero\u00e1 (51); Tavares (26); Teixeira (78); Ten\u00f3rio (11); Triunfo (9); Uira\u00fana (27); Umbuzeiro (44); V\u00e1rzea (8); Vieir\u00f3polis (4); Vista Serrana (2), Zabel\u00ea (1).<\/p>\n","protected":false},"excerpt":{"rendered":"<p>A Para\u00edba registrou neste domingo (05)&nbsp;422 novos casos de Covid-19 e 17 \u00f3bitos confirmados desde a \u00faltima atualiza\u00e7\u00e3o, 3 deles ocorridos nas \u00faltimas 24h. S\u00e3o&hellip; <\/p>\n","protected":false},"author":2,"featured_media":177482,"comment_status":"closed","ping_status":"closed","sticky":false,"template":"","format":"standard","meta":{"sfsi_plus_gutenberg_text_before_share":"","sfsi_plus_gutenberg_show_text_before_share":"","sfsi_plus_gutenberg_icon_type":"","sfsi_plus_gutenberg_icon_alignemt":"","sfsi_plus_gutenburg_max_per_row":"","footnotes":""},"categories":[2],"tags":[],"class_list":["post-177481","post","type-post","status-publish","format-standard","has-post-thumbnail","hentry","category-geral"],"_links":{"self":[{"href":"https:\/\/www.caririemacao.com\/1\/wp-json\/wp\/v2\/posts\/177481","targetHints":{"allow":["GET"]}}],"collection":[{"href":"https:\/\/www.caririemacao.com\/1\/wp-json\/wp\/v2\/posts"}],"about":[{"href":"https:\/\/www.caririemacao.com\/1\/wp-json\/wp\/v2\/types\/post"}],"author":[{"embeddable":true,"href":"https:\/\/www.caririemacao.com\/1\/wp-json\/wp\/v2\/users\/2"}],"replies":[{"embeddable":true,"href":"https:\/\/www.caririemacao.com\/1\/wp-json\/wp\/v2\/comments?post=177481"}],"version-history":[{"count":1,"href":"https:\/\/www.caririemacao.com\/1\/wp-json\/wp\/v2\/posts\/177481\/revisions"}],"predecessor-version":[{"id":177483,"href":"https:\/\/www.caririemacao.com\/1\/wp-json\/wp\/v2\/posts\/177481\/revisions\/177483"}],"wp:featuredmedia":[{"embeddable":true,"href":"https:\/\/www.caririemacao.com\/1\/wp-json\/wp\/v2\/media\/177482"}],"wp:attachment":[{"href":"https:\/\/www.caririemacao.com\/1\/wp-json\/wp\/v2\/media?parent=177481"}],"wp:term":[{"taxonomy":"category","embeddable":true,"href":"https:\/\/www.caririemacao.com\/1\/wp-json\/wp\/v2\/categories?post=177481"},{"taxonomy":"post_tag","embeddable":true,"href":"https:\/\/www.caririemacao.com\/1\/wp-json\/wp\/v2\/tags?post=177481"}],"curies":[{"name":"wp","href":"https:\/\/api.w.org\/{rel}","templated":true}]}}