{"id":177488,"date":"2020-07-06T08:43:13","date_gmt":"2020-07-06T11:43:13","guid":{"rendered":"https:\/\/www.caririemacao.com\/1\/?p=177488"},"modified":"2020-07-06T08:43:13","modified_gmt":"2020-07-06T11:43:13","slug":"padre-diz-que-bolsonaro-e-bandido-e-que-eleitor-dele-tem-que-se-confessar","status":"publish","type":"post","link":"https:\/\/www.caririemacao.com\/1\/2020\/07\/06\/padre-diz-que-bolsonaro-e-bandido-e-que-eleitor-dele-tem-que-se-confessar\/","title":{"rendered":"Padre diz que Bolsonaro \u00e9 &#8216;bandido&#8217; e que eleitor dele tem que se confessar"},"content":{"rendered":"\n<h1 class=\"wp-block-heading\"><\/h1>\n\n\n\n<p>&#8220;O padre n\u00e3o pode falar que o governo n\u00e3o presta porque o povo n\u00e3o quer ouvir isso?&#8221;, questiona Edson Ad\u00e9lio Tagliaferro, da igreja matriz Nossa Senhora das Dores, na cidade de Artur Nogueira (SP). A fala consta em filmagem que circulou pela internet neste domingo (5).<\/p>\n\n\n\n<p>&#8220;Um pa\u00eds que j\u00e1 chegou a 60 mil mortos pela pandemia [de Covid-19] e n\u00e3o tem um ministro da Sa\u00fade?&#8221;, questiona o p\u00e1roco. &#8220;Voc\u00eas querem que eu fale o qu\u00ea? &#8216;Ah, ele n\u00e3o trabalha porque n\u00e3o deixam ele trabalhar&#8217;. N\u00e3o! \u00c9 porque ele n\u00e3o presta! Bolsonaro n\u00e3o vale nada. E quem votou nele tem que se confessar. Pedir perd\u00e3o a Deus pelo pecado que cometeu, porque elegeu um bandido pra por de presidente&#8221;, diz Tagliaferro no v\u00eddeo [veja a grava\u00e7\u00e3o abaixo].<\/p>\n\n\n\n<p>\u00c0 coluna na noite deste domingo (5), o padre afirma que a grava\u00e7\u00e3o foi retirada de uma homilia realizada na \u00faltima quinta (2). &#8220;Naquele dia, tinha uma leitura do profeta Am\u00f3s. Eu dizia que ele [Am\u00f3s] fez a cr\u00edtica dele, mas n\u00e3o escondeu os nomes -ele disse quem eram as pessoas da profecia dele&#8221;, segue o p\u00e1roco.<\/p>\n\n\n\n<p>&#8220;Ele [Bolsonaro] fala de Deus acima de todos, mas n\u00e3o \u00e9 o Deus de Jesus, porque o Deus de Jesus \u00e9 o que prega pela vida.&#8221;<\/p>\n\n\n\n<p>&#8220;Ele [Am\u00f3s] falava do culto religioso, que Deus n\u00e3o quer um culto est\u00e9ril, que fa\u00e7a um louvor ao deus da vida, mas as suas atitudes sejam relacionadas \u00e0 morte. O reino de Deus \u00e9 o reino da vida&#8221;, afirma ele, referindo-se aos \u00f3bitos causados pela pandemia do novo coronav\u00edrus.<\/p>\n\n\n\n<p>&#8220;E a\u00ed acabou saindo essa parte sobre o presidente da Rep\u00fablica, e cortaram a parte que interessa a eles&#8221;, afirma Tagliaferro sobre o v\u00eddeo da missa, que foi transmitido ao vivo pelas redes sociais da igreja.<\/p>\n\n\n\n<p>&#8220;Foi tudo muito confuso, acabou esparramando demais. Uns elogiando, outros criticando a fala. Algumas pessoas acham eu que falei contra o presidente porque sou de outro partido. A minha quest\u00e3o \u00e9 que o crist\u00e3o tem que fazer uma op\u00e7\u00e3o clara pelo reino da vida, e n\u00e3o da morte.&#8221;<\/p>\n\n\n\n<p>&#8220;Entenderam que eu estava criticando por ser bolsonarista. Na verdade, era pra mostrar que o crist\u00e3o n\u00e3o pode ser d\u00fabio&#8221;, afirma o padre.<\/p>\n\n\n\n<p>&#8220;O fato de ele sair \u00e0 rua sem m\u00e1scara. O fato de ele querer aglomera\u00e7\u00f5es.&#8221;<\/p>\n\n\n\n<p>Tagliafierro diz ter ficado impressionado com a repercuss\u00e3o do v\u00eddeo. &#8220;A minha grande preocupa\u00e7\u00e3o \u00e9 que isso saia de forma distorcida e possa ter um v\u00ednculo de \u00f3dio. N\u00e3o \u00e9 essa a minha inten\u00e7\u00e3o. Nunca quis pregar \u00f3dio, a viol\u00eancia, mas senti que o povo estava desesperado&#8221;, afirma.<\/p>\n\n\n\n<p>&#8220;O que est\u00e1 pegando \u00e9 de eu ter chamado ele de bandido. Disso eu me arrependo, porque n\u00e3o tenho provas.&#8221;<\/p>\n\n\n\n<figure><iframe width=\"560\" height=\"315\" data-src=\"https:\/\/www.youtube.com\/embed\/YUyijjUYB64\" allowfullscreen=\"\" src=\"data:image\/svg+xml;base64,PHN2ZyB3aWR0aD0iMSIgaGVpZ2h0PSIxIiB4bWxucz0iaHR0cDovL3d3dy53My5vcmcvMjAwMC9zdmciPjwvc3ZnPg==\" class=\"lazyload\" data-load-mode=\"1\"><\/iframe><\/figure>\n","protected":false},"excerpt":{"rendered":"<p>&#8220;O padre n\u00e3o pode falar que o governo n\u00e3o presta porque o povo n\u00e3o quer ouvir isso?&#8221;, questiona Edson Ad\u00e9lio Tagliaferro, da igreja matriz Nossa&hellip; <\/p>\n","protected":false},"author":2,"featured_media":177489,"comment_status":"closed","ping_status":"closed","sticky":false,"template":"","format":"standard","meta":{"sfsi_plus_gutenberg_text_before_share":"","sfsi_plus_gutenberg_show_text_before_share":"","sfsi_plus_gutenberg_icon_type":"","sfsi_plus_gutenberg_icon_alignemt":"","sfsi_plus_gutenburg_max_per_row":"","footnotes":""},"categories":[11],"tags":[],"class_list":["post-177488","post","type-post","status-publish","format-standard","has-post-thumbnail","hentry","category-politica"],"_links":{"self":[{"href":"https:\/\/www.caririemacao.com\/1\/wp-json\/wp\/v2\/posts\/177488","targetHints":{"allow":["GET"]}}],"collection":[{"href":"https:\/\/www.caririemacao.com\/1\/wp-json\/wp\/v2\/posts"}],"about":[{"href":"https:\/\/www.caririemacao.com\/1\/wp-json\/wp\/v2\/types\/post"}],"author":[{"embeddable":true,"href":"https:\/\/www.caririemacao.com\/1\/wp-json\/wp\/v2\/users\/2"}],"replies":[{"embeddable":true,"href":"https:\/\/www.caririemacao.com\/1\/wp-json\/wp\/v2\/comments?post=177488"}],"version-history":[{"count":1,"href":"https:\/\/www.caririemacao.com\/1\/wp-json\/wp\/v2\/posts\/177488\/revisions"}],"predecessor-version":[{"id":177490,"href":"https:\/\/www.caririemacao.com\/1\/wp-json\/wp\/v2\/posts\/177488\/revisions\/177490"}],"wp:featuredmedia":[{"embeddable":true,"href":"https:\/\/www.caririemacao.com\/1\/wp-json\/wp\/v2\/media\/177489"}],"wp:attachment":[{"href":"https:\/\/www.caririemacao.com\/1\/wp-json\/wp\/v2\/media?parent=177488"}],"wp:term":[{"taxonomy":"category","embeddable":true,"href":"https:\/\/www.caririemacao.com\/1\/wp-json\/wp\/v2\/categories?post=177488"},{"taxonomy":"post_tag","embeddable":true,"href":"https:\/\/www.caririemacao.com\/1\/wp-json\/wp\/v2\/tags?post=177488"}],"curies":[{"name":"wp","href":"https:\/\/api.w.org\/{rel}","templated":true}]}}