{"id":177500,"date":"2020-07-06T08:53:00","date_gmt":"2020-07-06T11:53:00","guid":{"rendered":"https:\/\/www.caririemacao.com\/1\/?p=177500"},"modified":"2020-07-06T08:53:00","modified_gmt":"2020-07-06T11:53:00","slug":"brasil-contabiliza-mais-de-16-milhao-de-casos-de-covid-19","status":"publish","type":"post","link":"https:\/\/www.caririemacao.com\/1\/2020\/07\/06\/brasil-contabiliza-mais-de-16-milhao-de-casos-de-covid-19\/","title":{"rendered":"Brasil contabiliza mais de 1,6 milh\u00e3o de casos de Covid-19"},"content":{"rendered":"\n<h1 class=\"wp-block-heading\"><\/h1>\n\n\n\n<p>Boletim divulgado hoje (5) pelo Minist\u00e9rio da Sa\u00fade,\u00a0registra que at\u00e9 o momento o Brasil tem 1.603.055 casos da covid-19. Desses, 64.867 casos resultaram em \u00f3bito, sendo 602 registrados nas \u00faltimas 24 horas. O n\u00famero de pessoas recuperadas soma 906.286, o equivalente a 56,5% dos infectados.<\/p>\n\n\n\n<p>S\u00e3o Paulo continua com o maior n\u00famero de casos, 320.179; seguido pelo Cear\u00e1 com 121.464, e pelo Rio de Janeiro, com 121.292. Em n\u00famero de mortes, no entanto, o Rio de Janeiro, com 10.667, ultrapassa o Cear\u00e1, que teve 6.441 \u00f3bitos at\u00e9 o momento. Tamb\u00e9m nesse quesito, S\u00e3o Paulo registra o maior n\u00famero, com 16.078 mortes.<\/p>\n\n\n\n<p>Entre os estados com menos registros, o Mato Grosso do Sul \u00e9 o de menor incid\u00eancia, com 10.089 casos e 117 mortes. Tocantins, com 12.475 casos e 220 mortes, vem em seguida.<\/p>\n\n\n\n<p>Apesar dos n\u00fameros nacionais, algumas cidades estudam a volta gradual da rotina. Na cidade de S\u00e3o Paulo, o prefeito Bruno Covas assinou os protocolos para reabertura dos setores de bares, restaurantes, est\u00e9tica e beleza na cidade.<\/p>\n\n\n\n<p>No Rio de Janeiro, a reabertura de bares levou muita gente para a rua durante o primeiro dia de libera\u00e7\u00e3o. Na sexta-feira (3), ap\u00f3s medidas punitivas, os estabelecimentos da cidade tomaram atitudes para diminuir as aglomera\u00e7\u00f5es.<\/p>\n\n\n\n<p>No Distrito Federal, o governador Ibaneis Rocha assinou decreto com o calend\u00e1rio de abertura de bares e escolas. O DF registra, at\u00e9 o momento, 57.854 casos diagnosticados e 699 mortes.<\/p>\n","protected":false},"excerpt":{"rendered":"<p>Boletim divulgado hoje (5) pelo Minist\u00e9rio da Sa\u00fade,\u00a0registra que at\u00e9 o momento o Brasil tem 1.603.055 casos da covid-19. Desses, 64.867 casos resultaram em \u00f3bito,&hellip; <\/p>\n","protected":false},"author":2,"featured_media":177501,"comment_status":"closed","ping_status":"closed","sticky":false,"template":"","format":"standard","meta":{"sfsi_plus_gutenberg_text_before_share":"","sfsi_plus_gutenberg_show_text_before_share":"","sfsi_plus_gutenberg_icon_type":"","sfsi_plus_gutenberg_icon_alignemt":"","sfsi_plus_gutenburg_max_per_row":"","footnotes":""},"categories":[50,2],"tags":[],"class_list":["post-177500","post","type-post","status-publish","format-standard","has-post-thumbnail","hentry","category-destaque","category-geral"],"_links":{"self":[{"href":"https:\/\/www.caririemacao.com\/1\/wp-json\/wp\/v2\/posts\/177500","targetHints":{"allow":["GET"]}}],"collection":[{"href":"https:\/\/www.caririemacao.com\/1\/wp-json\/wp\/v2\/posts"}],"about":[{"href":"https:\/\/www.caririemacao.com\/1\/wp-json\/wp\/v2\/types\/post"}],"author":[{"embeddable":true,"href":"https:\/\/www.caririemacao.com\/1\/wp-json\/wp\/v2\/users\/2"}],"replies":[{"embeddable":true,"href":"https:\/\/www.caririemacao.com\/1\/wp-json\/wp\/v2\/comments?post=177500"}],"version-history":[{"count":1,"href":"https:\/\/www.caririemacao.com\/1\/wp-json\/wp\/v2\/posts\/177500\/revisions"}],"predecessor-version":[{"id":177502,"href":"https:\/\/www.caririemacao.com\/1\/wp-json\/wp\/v2\/posts\/177500\/revisions\/177502"}],"wp:featuredmedia":[{"embeddable":true,"href":"https:\/\/www.caririemacao.com\/1\/wp-json\/wp\/v2\/media\/177501"}],"wp:attachment":[{"href":"https:\/\/www.caririemacao.com\/1\/wp-json\/wp\/v2\/media?parent=177500"}],"wp:term":[{"taxonomy":"category","embeddable":true,"href":"https:\/\/www.caririemacao.com\/1\/wp-json\/wp\/v2\/categories?post=177500"},{"taxonomy":"post_tag","embeddable":true,"href":"https:\/\/www.caririemacao.com\/1\/wp-json\/wp\/v2\/tags?post=177500"}],"curies":[{"name":"wp","href":"https:\/\/api.w.org\/{rel}","templated":true}]}}