{"id":177507,"date":"2020-07-06T08:58:04","date_gmt":"2020-07-06T11:58:04","guid":{"rendered":"https:\/\/www.caririemacao.com\/1\/?p=177507"},"modified":"2020-07-06T08:58:04","modified_gmt":"2020-07-06T11:58:04","slug":"feder-recusa-convite-para-assumir-o-ministerio-da-educacao","status":"publish","type":"post","link":"https:\/\/www.caririemacao.com\/1\/2020\/07\/06\/feder-recusa-convite-para-assumir-o-ministerio-da-educacao\/","title":{"rendered":"Feder recusa convite para assumir o Minist\u00e9rio da Educa\u00e7\u00e3o"},"content":{"rendered":"\n<h2 class=\"wp-block-heading\"><\/h2>\n\n\n\n<p>O secret\u00e1rio de Educa\u00e7\u00e3o do Paran\u00e1, Renato Feder, informou na tarde deste domingo (5.jul.2020) que n\u00e3o vai assumir o MEC (Minist\u00e9rio da Educa\u00e7\u00e3o). Ele deu o aviso pelo Facebook. Eis a \u00edntegra da nota:<br><br>\u201cRecebi na noite da \u00faltima quinta-feira uma liga\u00e7\u00e3o do presidente Jair Bolsonaro me convidando para ser ministro da Educa\u00e7\u00e3o. Fiquei muito honrado com o convite, que coroa o bom trabalho feito por 90 mil profissionais da Educa\u00e7\u00e3o do Paran\u00e1. Agrade\u00e7o ao presidente Jair Bolsonaro, por quem tenho grande apre\u00e7o, mas declino do convite recebido. Sigo com o projeto no Paran\u00e1, desejo sorte ao presidente e uma boa gest\u00e3o no Minist\u00e9rio da Educa\u00e7\u00e3o.\u201d<br><br>CONTEXTO<br>Feder passou por 1 processo de fritura coordenado pela chamada \u201cala ideol\u00f3gica\u201d do governo, influenciada pelo escritor Olavo de Carvalho. Na manh\u00e3 deste domingo, ele declarou em sua conta no Twitter que h\u00e1 \u201cmuitas informa\u00e7\u00f5es falsas\u201d sendo divulgadas a seu respeito.<br><br>O secret\u00e1rio era considerado 1 nome de \u201cperfil t\u00e9cnico\u201d. Isso desagrada a ala ideol\u00f3gica do governo, que queria retomar o controle do MEC. Os 2 primeiros a comandar a pasta no governo Bolsonaro, Ricardo V\u00e9lez Rodr\u00edguez e Abraham Weintraub, t\u00eam identifica\u00e7\u00e3o com esse grupo.<br><br>Um dos expoentes do grupo ideol\u00f3gico, o blogueiro Bernardo K\u00fcster publicou mensagens criticando o escolhido para o MEC. Uma delas menciona elogio recebido por Feder do apresentador Luciano Huck, potencial advers\u00e1rio de Bolsonaro na elei\u00e7\u00e3o presidencial de 2022.<br><br>Feder fez uma s\u00e9rie de publica\u00e7\u00f5es em resposta aos ataques que vem sofrendo nas redes sociais desde que foi convidado a ser ministro. Afirmou que tem se dedicado a \u201cmelhorar a educa\u00e7\u00e3o p\u00fablica do Paran\u00e1, como secret\u00e1rio estadual de Educa\u00e7\u00e3o, junto ao governador Ratinho Junior\u201d, que \u00e9 do PSD, que ganhou espa\u00e7o no governo federal nas \u00faltimas semanas. O ministro das Comunica\u00e7\u00f5es, F\u00e1bio Faria, \u00e9 integrante da sigla.<\/p>\n","protected":false},"excerpt":{"rendered":"<p>O secret\u00e1rio de Educa\u00e7\u00e3o do Paran\u00e1, Renato Feder, informou na tarde deste domingo (5.jul.2020) que n\u00e3o vai assumir o MEC (Minist\u00e9rio da Educa\u00e7\u00e3o). Ele deu&hellip; <\/p>\n","protected":false},"author":2,"featured_media":177508,"comment_status":"closed","ping_status":"closed","sticky":false,"template":"","format":"standard","meta":{"sfsi_plus_gutenberg_text_before_share":"","sfsi_plus_gutenberg_show_text_before_share":"","sfsi_plus_gutenberg_icon_type":"","sfsi_plus_gutenberg_icon_alignemt":"","sfsi_plus_gutenburg_max_per_row":"","footnotes":""},"categories":[2],"tags":[],"class_list":["post-177507","post","type-post","status-publish","format-standard","has-post-thumbnail","hentry","category-geral"],"_links":{"self":[{"href":"https:\/\/www.caririemacao.com\/1\/wp-json\/wp\/v2\/posts\/177507","targetHints":{"allow":["GET"]}}],"collection":[{"href":"https:\/\/www.caririemacao.com\/1\/wp-json\/wp\/v2\/posts"}],"about":[{"href":"https:\/\/www.caririemacao.com\/1\/wp-json\/wp\/v2\/types\/post"}],"author":[{"embeddable":true,"href":"https:\/\/www.caririemacao.com\/1\/wp-json\/wp\/v2\/users\/2"}],"replies":[{"embeddable":true,"href":"https:\/\/www.caririemacao.com\/1\/wp-json\/wp\/v2\/comments?post=177507"}],"version-history":[{"count":1,"href":"https:\/\/www.caririemacao.com\/1\/wp-json\/wp\/v2\/posts\/177507\/revisions"}],"predecessor-version":[{"id":177509,"href":"https:\/\/www.caririemacao.com\/1\/wp-json\/wp\/v2\/posts\/177507\/revisions\/177509"}],"wp:featuredmedia":[{"embeddable":true,"href":"https:\/\/www.caririemacao.com\/1\/wp-json\/wp\/v2\/media\/177508"}],"wp:attachment":[{"href":"https:\/\/www.caririemacao.com\/1\/wp-json\/wp\/v2\/media?parent=177507"}],"wp:term":[{"taxonomy":"category","embeddable":true,"href":"https:\/\/www.caririemacao.com\/1\/wp-json\/wp\/v2\/categories?post=177507"},{"taxonomy":"post_tag","embeddable":true,"href":"https:\/\/www.caririemacao.com\/1\/wp-json\/wp\/v2\/tags?post=177507"}],"curies":[{"name":"wp","href":"https:\/\/api.w.org\/{rel}","templated":true}]}}