{"id":177514,"date":"2020-07-06T09:41:36","date_gmt":"2020-07-06T12:41:36","guid":{"rendered":"https:\/\/www.caririemacao.com\/1\/?p=177514"},"modified":"2020-07-06T09:41:36","modified_gmt":"2020-07-06T12:41:36","slug":"policia-apreende-armas-e-drogas-e-encerra-festa-clandestina-com-cerca-de-600-pessoas-em-cidade-na-paraiba","status":"publish","type":"post","link":"https:\/\/www.caririemacao.com\/1\/2020\/07\/06\/policia-apreende-armas-e-drogas-e-encerra-festa-clandestina-com-cerca-de-600-pessoas-em-cidade-na-paraiba\/","title":{"rendered":"Pol\u00edcia apreende armas e drogas e encerra festa clandestina com cerca de 600 pessoas, em cidade na Para\u00edba"},"content":{"rendered":"\n<h1 class=\"wp-block-heading\"><\/h1>\n\n\n\n<p>Uma festa com cerca de 600 pessoas foi encerrada em uma a\u00e7\u00e3o da&nbsp;Pol\u00edcia Militar&nbsp;neste fim de semana, na zona rural de Conde, no Litoral Sul da&nbsp;Para\u00edba. Os policiais conseguiram apreender cinco armas de fogo, al\u00e9m de drogas. Tr\u00eas pessoas foram detidas.<\/p>\n\n\n\n<p>De acordo com a&nbsp;Pol\u00edcia Civil, em cumprimento ao decreto Estadual que trata sobre o isolamento social, as equipes revistaram os frequentadores e encontraram drogas e tr\u00eas armas de fogo, sendo uma delas pistola de uso restrito, abandonadas no local.&nbsp;Quase 300 unidades de entorpecentes foram apreendidas, entre maconha, lol\u00f3, coca\u00edna, ecstasy, LSD e crack, em uma granja&nbsp;no loteamento Mata D\u2019\u00e1gua.<\/p>\n\n\n\n<p>Duas pessoas foram presas em flagrante com duas armas de fogo. Uma terceira pessoa foi autuada e feito um Termo Circunstanciado de Ocorr\u00eancia (TCO). O propriet\u00e1rio do im\u00f3vel vai responder pelo artigo 268, que trata sobre o ato de infringir determina\u00e7\u00e3o do poder p\u00fablico, destina a impedir ou propagar doen\u00e7a contagiosa, como \u00e9 o caso da&nbsp;Covid-19.<\/p>\n\n\n\n<p><em>Portal T5<\/em><\/p>\n","protected":false},"excerpt":{"rendered":"<p>Uma festa com cerca de 600 pessoas foi encerrada em uma a\u00e7\u00e3o da&nbsp;Pol\u00edcia Militar&nbsp;neste fim de semana, na zona rural de Conde, no Litoral Sul&hellip; <\/p>\n","protected":false},"author":2,"featured_media":177515,"comment_status":"closed","ping_status":"closed","sticky":false,"template":"","format":"standard","meta":{"sfsi_plus_gutenberg_text_before_share":"","sfsi_plus_gutenberg_show_text_before_share":"","sfsi_plus_gutenberg_icon_type":"","sfsi_plus_gutenberg_icon_alignemt":"","sfsi_plus_gutenburg_max_per_row":"","footnotes":""},"categories":[12],"tags":[],"class_list":["post-177514","post","type-post","status-publish","format-standard","has-post-thumbnail","hentry","category-policia"],"_links":{"self":[{"href":"https:\/\/www.caririemacao.com\/1\/wp-json\/wp\/v2\/posts\/177514","targetHints":{"allow":["GET"]}}],"collection":[{"href":"https:\/\/www.caririemacao.com\/1\/wp-json\/wp\/v2\/posts"}],"about":[{"href":"https:\/\/www.caririemacao.com\/1\/wp-json\/wp\/v2\/types\/post"}],"author":[{"embeddable":true,"href":"https:\/\/www.caririemacao.com\/1\/wp-json\/wp\/v2\/users\/2"}],"replies":[{"embeddable":true,"href":"https:\/\/www.caririemacao.com\/1\/wp-json\/wp\/v2\/comments?post=177514"}],"version-history":[{"count":1,"href":"https:\/\/www.caririemacao.com\/1\/wp-json\/wp\/v2\/posts\/177514\/revisions"}],"predecessor-version":[{"id":177516,"href":"https:\/\/www.caririemacao.com\/1\/wp-json\/wp\/v2\/posts\/177514\/revisions\/177516"}],"wp:featuredmedia":[{"embeddable":true,"href":"https:\/\/www.caririemacao.com\/1\/wp-json\/wp\/v2\/media\/177515"}],"wp:attachment":[{"href":"https:\/\/www.caririemacao.com\/1\/wp-json\/wp\/v2\/media?parent=177514"}],"wp:term":[{"taxonomy":"category","embeddable":true,"href":"https:\/\/www.caririemacao.com\/1\/wp-json\/wp\/v2\/categories?post=177514"},{"taxonomy":"post_tag","embeddable":true,"href":"https:\/\/www.caririemacao.com\/1\/wp-json\/wp\/v2\/tags?post=177514"}],"curies":[{"name":"wp","href":"https:\/\/api.w.org\/{rel}","templated":true}]}}