{"id":177518,"date":"2020-07-06T10:39:49","date_gmt":"2020-07-06T13:39:49","guid":{"rendered":"https:\/\/www.caririemacao.com\/1\/?p=177518"},"modified":"2020-07-06T10:39:49","modified_gmt":"2020-07-06T13:39:49","slug":"caixa-deposita-saque-emergencial-do-fgts-para-nascidos-em-fevereiro","status":"publish","type":"post","link":"https:\/\/www.caririemacao.com\/1\/2020\/07\/06\/caixa-deposita-saque-emergencial-do-fgts-para-nascidos-em-fevereiro\/","title":{"rendered":"Caixa deposita saque emergencial do FGTS para nascidos em fevereiro"},"content":{"rendered":"\n<p>A Caixa inicia, nesta segunda-feira (29), o pagamento do saque emergencial do Fundo de Garantia do Tempo de Servi\u00e7o (FGTS), para trabalhadores nascidos em fevereiro. O novo saque tem como objetivo enfrentar o estado de calamidade p\u00fablica em raz\u00e3o da pandemia da covid-19. No total, ser\u00e3o liberados, de acordo com todo o calend\u00e1rio, mais de R$ 37,8 bilh\u00f5es, para aproximadamente 60 milh\u00f5es de trabalhadores.<\/p>\n\n\n\n<p>O pagamento do saque emergencial ser\u00e1 realizado por meio de cr\u00e9dito na Conta Poupan\u00e7a Social Digital, aberta automaticamente pela Caixa em nome dos trabalhadores. O valor do saque emergencial \u00e9 de at\u00e9 R$ 1.045, considerando a soma dos saldos de todas as contas ativas ou inativas com saldo no FGTS.<\/p>\n\n\n\n<p>O pagamento ser\u00e1 realizado conforme calend\u00e1rio a seguir:<\/p>\n\n\n\n<p>M\u00eas de nascimento Dia do cr\u00e9dito na conta poupan\u00e7a social digital data para saque em esp\u00e9cie<\/p>\n\n\n\n<p>fevereiro 06 de julho 08 de agosto<br>mar\u00e7o 13 de julho 22 de agosto<br>abril 20 de julho 05 de setembro<br>maio 27 de julho 19 de setembro<br>junho 03 de agosto 03 de outubro<br>julho 10 de agosto 17 de outubro<br>agosto 24 de agosto 17 de outubro<br>setembro 31 de agosto 31 de outubro<br>outubro 08 de setembro 31 de outubro<br>novembro 14 de setembro 14 de novembro<br>dezembro 21 de setembro 14 de novembro<\/p>\n\n\n\n<p>O calend\u00e1rio foi estabelecido com base no m\u00eas de nascimento do trabalhador e cont\u00e9m dados que correspondem a valores de cr\u00e9dito na conta de armazenamento digital social, quando os recursos podem ser usados \u200b\u200bem estat\u00edsticas eletr\u00f4nicas, al\u00e9m de dados a partir de quando os recursos dispon\u00edveis est\u00e3o dispon\u00edveis para saque em esp\u00e9cie ou transfer\u00eancia para outras contas.<\/p>\n\n\n\n<p>Caso n\u00e3o haja movimenta\u00e7\u00e3o na conta de economia social digital at\u00e9 30 de novembro deste ano, o valor ser\u00e1 devolvido \u00e0 conta do FGTS com devida remunera\u00e7\u00e3o do per\u00edodo, sem preju\u00edzo para o trabalhador. Se ap\u00f3s esse prazo, o trabalhador decidir fazer a emerg\u00eancia, poder\u00e1 solicitar pelo Aplicativo FGTS at\u00e9 31 de dezembro de 2020.<\/p>\n\n\n\n<p>A Caixa disponibiliza os seguintes canais de atendimento para informa\u00e7\u00f5es sobre o saque emergencial do FGTS: site<a href=\"http:\/\/fgts.caixa.gov.br\/\">&nbsp;fgts.caixa.gov.br<\/a>, Telefone 111 \u2013 op\u00e7\u00e3o 2, Internet Banking Caixa e APP FGTS.<\/p>\n\n\n\n<p>Ag\u00eancia Brasil<\/p>\n\n\n\n<p>Com Blog Bruno Lira<\/p>\n","protected":false},"excerpt":{"rendered":"<p>A Caixa inicia, nesta segunda-feira (29), o pagamento do saque emergencial do Fundo de Garantia do Tempo de Servi\u00e7o (FGTS), para trabalhadores nascidos em fevereiro.&hellip; <\/p>\n","protected":false},"author":1,"featured_media":177519,"comment_status":"closed","ping_status":"closed","sticky":false,"template":"","format":"standard","meta":{"sfsi_plus_gutenberg_text_before_share":"","sfsi_plus_gutenberg_show_text_before_share":"","sfsi_plus_gutenberg_icon_type":"","sfsi_plus_gutenberg_icon_alignemt":"","sfsi_plus_gutenburg_max_per_row":"","footnotes":""},"categories":[50],"tags":[],"class_list":["post-177518","post","type-post","status-publish","format-standard","has-post-thumbnail","hentry","category-destaque"],"_links":{"self":[{"href":"https:\/\/www.caririemacao.com\/1\/wp-json\/wp\/v2\/posts\/177518","targetHints":{"allow":["GET"]}}],"collection":[{"href":"https:\/\/www.caririemacao.com\/1\/wp-json\/wp\/v2\/posts"}],"about":[{"href":"https:\/\/www.caririemacao.com\/1\/wp-json\/wp\/v2\/types\/post"}],"author":[{"embeddable":true,"href":"https:\/\/www.caririemacao.com\/1\/wp-json\/wp\/v2\/users\/1"}],"replies":[{"embeddable":true,"href":"https:\/\/www.caririemacao.com\/1\/wp-json\/wp\/v2\/comments?post=177518"}],"version-history":[{"count":1,"href":"https:\/\/www.caririemacao.com\/1\/wp-json\/wp\/v2\/posts\/177518\/revisions"}],"predecessor-version":[{"id":177520,"href":"https:\/\/www.caririemacao.com\/1\/wp-json\/wp\/v2\/posts\/177518\/revisions\/177520"}],"wp:featuredmedia":[{"embeddable":true,"href":"https:\/\/www.caririemacao.com\/1\/wp-json\/wp\/v2\/media\/177519"}],"wp:attachment":[{"href":"https:\/\/www.caririemacao.com\/1\/wp-json\/wp\/v2\/media?parent=177518"}],"wp:term":[{"taxonomy":"category","embeddable":true,"href":"https:\/\/www.caririemacao.com\/1\/wp-json\/wp\/v2\/categories?post=177518"},{"taxonomy":"post_tag","embeddable":true,"href":"https:\/\/www.caririemacao.com\/1\/wp-json\/wp\/v2\/tags?post=177518"}],"curies":[{"name":"wp","href":"https:\/\/api.w.org\/{rel}","templated":true}]}}