{"id":177524,"date":"2020-07-06T13:25:55","date_gmt":"2020-07-06T16:25:55","guid":{"rendered":"https:\/\/www.caririemacao.com\/1\/?p=177524"},"modified":"2020-07-06T13:25:55","modified_gmt":"2020-07-06T16:25:55","slug":"mec-define-criterios-para-repasses-do-programa-educacao-conectada","status":"publish","type":"post","link":"https:\/\/www.caririemacao.com\/1\/2020\/07\/06\/mec-define-criterios-para-repasses-do-programa-educacao-conectada\/","title":{"rendered":"MEC define crit\u00e9rios para repasses do programa Educa\u00e7\u00e3o Conectada"},"content":{"rendered":"\n<h2 class=\"wp-block-heading\"><\/h2>\n\n\n\n<p>O Minist\u00e9rio da Educa\u00e7\u00e3o (MEC) definiu os crit\u00e9rios para repasse de recursos do Programa de Inova\u00e7\u00e3o Educa\u00e7\u00e3o Conectada (Piec), em 2020, para as escolas p\u00fablicas de educa\u00e7\u00e3o b\u00e1sica. A portaria foi publicada&nbsp;hoje&nbsp;(6) no&nbsp;<em>Di\u00e1rio Oficial da Uni\u00e3o<\/em>.<\/p>\n\n\n\n<p>O objetivo do programa \u00e9 apoiar a universaliza\u00e7\u00e3o do acesso \u00e0 internet de alta velocidade e fomentar o uso pedag\u00f3gico de tecnologias digitais na educa\u00e7\u00e3o b\u00e1sica. Os recursos ser\u00e3o empregados na contrata\u00e7\u00e3o de servi\u00e7o de acesso \u00e0 internet, infraestrutura para distribui\u00e7\u00e3o do sinal nas escolas e aquisi\u00e7\u00e3o ou contrata\u00e7\u00e3o de dispositivos eletr\u00f4nicos.<img decoding=\"async\" data-src=\"https:\/\/agenciabrasil.ebc.com.br\/ebc.png?id=1310937&amp;o=node\" src=\"data:image\/svg+xml;base64,PHN2ZyB3aWR0aD0iMSIgaGVpZ2h0PSIxIiB4bWxucz0iaHR0cDovL3d3dy53My5vcmcvMjAwMC9zdmciPjwvc3ZnPg==\" class=\"lazyload\"><\/p>\n\n\n\n<p>De acordo com o documento, ser\u00e1 priorizada a manuten\u00e7\u00e3o do benef\u00edcio de escolas que j\u00e1 recebem os recursos e novas escolas ser\u00e3o contempladas at\u00e9 o limite or\u00e7ament\u00e1rio. Para isso, as unidades devem seguir os crit\u00e9rios de elegibilidade, inclus\u00e3o, classifica\u00e7\u00e3o e confirma\u00e7\u00e3o.<\/p>\n\n\n\n<p>Os crit\u00e9rios de elegibilidade s\u00e3o escolas com cobertura de servi\u00e7o de conex\u00e3o de internet banda larga ou via sat\u00e9lite, rede el\u00e9trica e unidade executora de recursos. Para a inclus\u00e3o no programa em 2020, as escolas devem&nbsp;ter&nbsp;mais de 14 alunos matriculados e, aquelas que j\u00e1 aderiram em anos anteriores, devem preencher o formul\u00e1rio de monitoramento do Plano de Aplica\u00e7\u00e3o Financeira.<\/p>\n\n\n\n<p>S\u00e3o crit\u00e9rios de classifica\u00e7\u00e3o no Piec: escola com desempenho abaixo da m\u00e9dia nacional do \u00faltimo resultado do \u00cdndice de Desenvolvimento da Educa\u00e7\u00e3o B\u00e1sica (Ideb) e escola localizada em munic\u00edpio de alta vulnerabilidade socioecon\u00f4mica, de acordo com o \u00cdndice de Desenvolvimento Humano Municipal (IDH-m). Os crit\u00e9rios de classifica\u00e7\u00e3o somente ser\u00e3o aplicados se houver escolas novas em quantidade superior ao limite financeiro.<\/p>\n\n\n\n<p>Para a confirma\u00e7\u00e3o das escolas no programa, o dirigente educacional deve selecion\u00e1-las no Sistema Integrado de Monitoramento e Controle (Simec) e aderir ao Sistema PDDE Interativo, ferramentas de gest\u00e3o do MEC.<\/p>\n","protected":false},"excerpt":{"rendered":"<p>O Minist\u00e9rio da Educa\u00e7\u00e3o (MEC) definiu os crit\u00e9rios para repasse de recursos do Programa de Inova\u00e7\u00e3o Educa\u00e7\u00e3o Conectada (Piec), em 2020, para as escolas p\u00fablicas&hellip; <\/p>\n","protected":false},"author":2,"featured_media":177525,"comment_status":"closed","ping_status":"closed","sticky":false,"template":"","format":"standard","meta":{"sfsi_plus_gutenberg_text_before_share":"","sfsi_plus_gutenberg_show_text_before_share":"","sfsi_plus_gutenberg_icon_type":"","sfsi_plus_gutenberg_icon_alignemt":"","sfsi_plus_gutenburg_max_per_row":"","footnotes":""},"categories":[14],"tags":[],"class_list":["post-177524","post","type-post","status-publish","format-standard","has-post-thumbnail","hentry","category-educacao"],"_links":{"self":[{"href":"https:\/\/www.caririemacao.com\/1\/wp-json\/wp\/v2\/posts\/177524","targetHints":{"allow":["GET"]}}],"collection":[{"href":"https:\/\/www.caririemacao.com\/1\/wp-json\/wp\/v2\/posts"}],"about":[{"href":"https:\/\/www.caririemacao.com\/1\/wp-json\/wp\/v2\/types\/post"}],"author":[{"embeddable":true,"href":"https:\/\/www.caririemacao.com\/1\/wp-json\/wp\/v2\/users\/2"}],"replies":[{"embeddable":true,"href":"https:\/\/www.caririemacao.com\/1\/wp-json\/wp\/v2\/comments?post=177524"}],"version-history":[{"count":1,"href":"https:\/\/www.caririemacao.com\/1\/wp-json\/wp\/v2\/posts\/177524\/revisions"}],"predecessor-version":[{"id":177526,"href":"https:\/\/www.caririemacao.com\/1\/wp-json\/wp\/v2\/posts\/177524\/revisions\/177526"}],"wp:featuredmedia":[{"embeddable":true,"href":"https:\/\/www.caririemacao.com\/1\/wp-json\/wp\/v2\/media\/177525"}],"wp:attachment":[{"href":"https:\/\/www.caririemacao.com\/1\/wp-json\/wp\/v2\/media?parent=177524"}],"wp:term":[{"taxonomy":"category","embeddable":true,"href":"https:\/\/www.caririemacao.com\/1\/wp-json\/wp\/v2\/categories?post=177524"},{"taxonomy":"post_tag","embeddable":true,"href":"https:\/\/www.caririemacao.com\/1\/wp-json\/wp\/v2\/tags?post=177524"}],"curies":[{"name":"wp","href":"https:\/\/api.w.org\/{rel}","templated":true}]}}