{"id":177527,"date":"2020-07-06T13:28:20","date_gmt":"2020-07-06T16:28:20","guid":{"rendered":"https:\/\/www.caririemacao.com\/1\/?p=177527"},"modified":"2020-07-06T13:28:20","modified_gmt":"2020-07-06T16:28:20","slug":"investimento-federal-em-educacao-cai-e-pressiona-estados-e-municipios","status":"publish","type":"post","link":"https:\/\/www.caririemacao.com\/1\/2020\/07\/06\/investimento-federal-em-educacao-cai-e-pressiona-estados-e-municipios\/","title":{"rendered":"Investimento federal em educa\u00e7\u00e3o cai e pressiona estados e munic\u00edpios"},"content":{"rendered":"\n<h1 class=\"wp-block-heading\"><\/h1>\n\n\n\n<p>Ao atualizar o valor pela infla\u00e7\u00e3o do per\u00edodo, a redu\u00e7\u00e3o \u00e9 de R$ 18 bilh\u00f5es.<\/p>\n\n\n\n<p>Apesar de ter a maior capacidade de arrecada\u00e7\u00e3o, a Uni\u00e3o sempre arcou com os menores montantes no financiamento, principalmente na educa\u00e7\u00e3o b\u00e1sica.<\/p>\n\n\n\n<p>A situa\u00e7\u00e3o se intensificou nos \u00faltimos anos, marcados por crise pol\u00edtica e econ\u00f4mica, e inspira maior preocupa\u00e7\u00e3o diante dos efeitos da pandemia de coronav\u00edrus.<\/p>\n\n\n\n<p>A Uni\u00e3o respondia, em 2016, por 30,3% dos gastos totais com educa\u00e7\u00e3o no pa\u00eds. Em 2018, o percentual foi reduzido a 28,1%.<\/p>\n\n\n\n<p>Os dados s\u00e3o do relat\u00f3rio de monitoramento das metas do PNE (Plano Nacional de Educa\u00e7\u00e3o), feito pelo Inep (Instituto Nacional de Estudos e Pesquisas Educacionais). O instituto \u00e9 ligado ao MEC.<\/p>\n\n\n\n<p>Por outro lado, o peso tem ficado maior para os munic\u00edpios. A participa\u00e7\u00e3o das prefeituras era de 36,1% em 2016 e fechou 2018 em 40%.<\/p>\n\n\n\n<p>Os dados do relat\u00f3rio sobre gastos em educa\u00e7\u00e3o v\u00e3o at\u00e9 2018, \u00faltimo ano do governo Michel Temer (MDB). Mas defici\u00eancias de execu\u00e7\u00e3o or\u00e7ament\u00e1ria do MEC no primeiro ano do governo Jair Bolsonaro indicam cen\u00e1rio similar.<\/p>\n\n\n\n<p>Os gastos do governo federal em educa\u00e7\u00e3o foram, em 2018, de R$ 103,6 bilh\u00f5es. Esse c\u00e1lculo inclui a\u00e7\u00f5es direcionadas ao setor privado (como o subs\u00eddio do Fies, o Financiamento Estudantil).<\/p>\n\n\n\n<p>Em 2016, esse recurso somava R$ 114,2 bilh\u00f5es, o equivalente a R$ 122,3 bilh\u00f5es em valores atualizados pela infla\u00e7\u00e3o no per\u00edodo. Trata-se de uma queda de 15% ao levar em conta essa corre\u00e7\u00e3o da infla\u00e7\u00e3o.<\/p>\n\n\n\n<p>Por outro lado, os gastos de estados e munic\u00edpios, que t\u00eam as escolas da educa\u00e7\u00e3o b\u00e1sica sob sua responsabilidade, ficaram em R$ 257 bilh\u00f5es em 2018.<\/p>\n\n\n\n<p>O montante era de de R$ 254,9 bilh\u00f5es em 2016, que representam R$ 273 bilh\u00f5es em valores atualizados no per\u00edodo. A varia\u00e7\u00e3o corrigida no per\u00edodo indica uma queda de 5%<\/p>\n\n\n\n<p>\u201cA queda dos recursos da Uni\u00e3o \u00e9 vis\u00edvel na educa\u00e7\u00e3o b\u00e1sica e vem fazendo com que programas e a\u00e7\u00f5es importantes tenham redu\u00e7\u00e3o, como, por exemplo, o que incentiva o avan\u00e7o do n\u00famero de alunos em tempo integral\u201d, diz Luiz Miguel Garcia, presidente da Undime, \u00f3rg\u00e3o que agrega secret\u00e1rios municipais de Educa\u00e7\u00e3o.<\/p>\n\n\n\n<p>No ano passado, o Brasil registrou 14,9% dos alunos em tempo integral, praticamente o mesmo em 2018, de 14,4%. A meta \u00e9 chegar a 25%.<\/p>\n\n\n\n<p>O relat\u00f3rio do governo mostra que, ao inv\u00e9s de avan\u00e7ar, o pa\u00eds retrocedeu na quest\u00e3o do financiamento.<\/p>\n\n\n\n<p>Os gastos totais com educa\u00e7\u00e3o representavam 5,6% do PIB (Produto Interno Bruto) em 2016 e passaram a 5,4% em 2018. Esse percentual de 2018 equivale a R$ 368,8 bilh\u00f5es.<\/p>\n\n\n\n<p>O avan\u00e7o do or\u00e7amento federal da \u00e1rea identificado at\u00e9 2016 foi impactado pela alta de gastos com o Fies, que vem passando por esvaziamento desde aquele ano.<\/p>\n\n\n\n<p>Ao levar em conta apenas o gastos em educa\u00e7\u00e3o p\u00fablica (sem Fies), o percentual do PIB voltado \u00e0 educa\u00e7\u00e3o passou de 5,1% em 2016 para 5% em 2018.<\/p>\n\n\n\n<p>O PNE estipulou em 2014 que, para o pa\u00eds alcan\u00e7ar as metas (que v\u00e3o da creche \u00e0 p\u00f3s-gradua\u00e7\u00e3o), os investimentos em educa\u00e7\u00e3o p\u00fablica teriam de chegar a 10% do PIB at\u00e9 2024. Uma meta parcial preconiza um percentual de 7% em 2019.<\/p>\n\n\n\n<p>\u201cEntendemos que seria importante elevar a destina\u00e7\u00e3o de recursos p\u00fablicos para a educa\u00e7\u00e3o, principalmente ao ensino b\u00e1sico. Entretanto, reconhecemos a situa\u00e7\u00e3o fiscal desafiadora que o Brasil enfrenta nos \u00faltimos anos, o que dificulta tal a\u00e7\u00e3o\u201d, disse \u00e0 Folha o secret\u00e1rio-executivo do MEC, Antonio Vogel.<\/p>\n\n\n\n<p>Ainda n\u00e3o h\u00e1 c\u00e1lculos consolidados, compar\u00e1veis aos do relat\u00f3rio, sobre o investimento em educa\u00e7\u00e3o em 2019.<\/p>\n\n\n\n<p>Como a Folha mostrou no m\u00eas passado, 60% dos gastos realizados pelo MEC at\u00e9 abril referem-se a compromissos assumidos em 2019 mas n\u00e3o executados naquele ano. O que significa que boa parte do dinheiro previsto n\u00e3o chegou de fato \u00e0 ponta.<\/p>\n\n\n\n<p>O MEC afirmou em nota que o contingenciamento, operado no ano passado, perdurou at\u00e9 21 de novembro de 2019.<\/p>\n\n\n\n<p>\u201cApenas ap\u00f3s essa data o or\u00e7amento p\u00f4de ser empenhado em sua totalidade\u201d, diz o texto. Mas a\u00e7\u00f5es da pasta exclu\u00eddas do contingenciamento tamb\u00e9m tiveram recursos represados, como o PDDE (Programa Dinheiro Direto na Escola).<\/p>\n\n\n\n<p>At\u00e9 20 de dezembro de 2019, haviam sido empenhados 52% do or\u00e7amento do programa e pagos at\u00e9 aquele momento 49%. O MEC fechou 2019 com o empenho de praticamente todo or\u00e7amento, mas o executado chegou a somente 56,5%.<\/p>\n","protected":false},"excerpt":{"rendered":"<p>Ao atualizar o valor pela infla\u00e7\u00e3o do per\u00edodo, a redu\u00e7\u00e3o \u00e9 de R$ 18 bilh\u00f5es. Apesar de ter a maior capacidade de arrecada\u00e7\u00e3o, a Uni\u00e3o&hellip; <\/p>\n","protected":false},"author":2,"featured_media":177528,"comment_status":"closed","ping_status":"closed","sticky":false,"template":"","format":"standard","meta":{"sfsi_plus_gutenberg_text_before_share":"","sfsi_plus_gutenberg_show_text_before_share":"","sfsi_plus_gutenberg_icon_type":"","sfsi_plus_gutenberg_icon_alignemt":"","sfsi_plus_gutenburg_max_per_row":"","footnotes":""},"categories":[2],"tags":[],"class_list":["post-177527","post","type-post","status-publish","format-standard","has-post-thumbnail","hentry","category-geral"],"_links":{"self":[{"href":"https:\/\/www.caririemacao.com\/1\/wp-json\/wp\/v2\/posts\/177527","targetHints":{"allow":["GET"]}}],"collection":[{"href":"https:\/\/www.caririemacao.com\/1\/wp-json\/wp\/v2\/posts"}],"about":[{"href":"https:\/\/www.caririemacao.com\/1\/wp-json\/wp\/v2\/types\/post"}],"author":[{"embeddable":true,"href":"https:\/\/www.caririemacao.com\/1\/wp-json\/wp\/v2\/users\/2"}],"replies":[{"embeddable":true,"href":"https:\/\/www.caririemacao.com\/1\/wp-json\/wp\/v2\/comments?post=177527"}],"version-history":[{"count":1,"href":"https:\/\/www.caririemacao.com\/1\/wp-json\/wp\/v2\/posts\/177527\/revisions"}],"predecessor-version":[{"id":177529,"href":"https:\/\/www.caririemacao.com\/1\/wp-json\/wp\/v2\/posts\/177527\/revisions\/177529"}],"wp:featuredmedia":[{"embeddable":true,"href":"https:\/\/www.caririemacao.com\/1\/wp-json\/wp\/v2\/media\/177528"}],"wp:attachment":[{"href":"https:\/\/www.caririemacao.com\/1\/wp-json\/wp\/v2\/media?parent=177527"}],"wp:term":[{"taxonomy":"category","embeddable":true,"href":"https:\/\/www.caririemacao.com\/1\/wp-json\/wp\/v2\/categories?post=177527"},{"taxonomy":"post_tag","embeddable":true,"href":"https:\/\/www.caririemacao.com\/1\/wp-json\/wp\/v2\/tags?post=177527"}],"curies":[{"name":"wp","href":"https:\/\/api.w.org\/{rel}","templated":true}]}}