{"id":177531,"date":"2020-07-06T13:32:04","date_gmt":"2020-07-06T16:32:04","guid":{"rendered":"https:\/\/www.caririemacao.com\/1\/?p=177531"},"modified":"2020-07-06T13:32:04","modified_gmt":"2020-07-06T16:32:04","slug":"energisa-isolamento-social-reforca-a-importancia-do-consumo-consciente","status":"publish","type":"post","link":"https:\/\/www.caririemacao.com\/1\/2020\/07\/06\/energisa-isolamento-social-reforca-a-importancia-do-consumo-consciente\/","title":{"rendered":"Energisa: Isolamento social refor\u00e7a a import\u00e2ncia do consumo consciente"},"content":{"rendered":"\n<h1 class=\"wp-block-heading\"><\/h1>\n\n\n\n<p>Desde mar\u00e7o, por causa da pandemia do coronav\u00edrus, estamos uma vivendo uma realidade nova. Com as pessoas passando mais tempo em casa, a tend\u00eancia \u00e9 o aumento do consumo e consequentemente das contas mensais de energia e \u00e1gua, por exemplo. Por isso, o momento \u00e9 para ficar atento, adotar novos h\u00e1bitos e aprender a economizar. Nunca foi t\u00e3o importante praticar o consumo consciente, tema que a Energisa trabalha sempre junto aos seus clientes.<\/p>\n\n\n\n<p>Diante desse cen\u00e1rio, para ajudar a popula\u00e7\u00e3o a manter a conta de energia dentro do valor que j\u00e1 pagavam, a Energisa reuniu dicas valiosas que quando aplicadas reduzem o consumo el\u00e9trico. Al\u00e9m de fazer a diferen\u00e7a no valor das contas, a ado\u00e7\u00e3o de pr\u00e1ticas de consumo sustent\u00e1vel tamb\u00e9m \u00e9 importante para contribuir com a preserva\u00e7\u00e3o do meio ambiente. Afinal, muito se fala sobre o esgotamento dos nossos recursos naturais, mas o assunto ainda n\u00e3o \u00e9 tratado pela grande maioria com a seriedade que exige.<\/p>\n\n\n\n<p>Segundo a concession\u00e1ria esta \u00e9 a hora para colocar em pr\u00e1tica a\u00e7\u00f5es como trocar l\u00e2mpadas fluorescentes por de LED; retirar aparelhos da tomada quando n\u00e3o estiverem sendo usados em vez de deix\u00e1-los em modo stand-by; evitar abrir a geladeira constantemente; juntar muitas roupas para ligar o ferro de passar; usar a m\u00e1quina de lavar na fun\u00e7\u00e3o lavagem r\u00e1pida; utilizar o ar-condicionado na temperatura 23\u00ba e program\u00e1-lo para desligar depois de um tempo; e ligar o chuveiro el\u00e9trico na fun\u00e7\u00e3o ver\u00e3o.<\/p>\n\n\n\n<p>Al\u00e9m dessas dicas, a Energisa alerta que uma mudan\u00e7a de comportamento e atitudes simples tamb\u00e9m podem fazer a diferen\u00e7a. Confira:<\/p>\n\n\n\n<ul class=\"wp-block-list\"><li>Abrir as cortinas e deixar a luz do sol entrar deixa os ambientes mais arejados e evita que l\u00e2mpadas sejam acesas sem necessidade, durante o dia;<\/li><li>Manter ventiladores e filtros de ar-condicionado higienizados. Al\u00e9m de prevenir doen\u00e7as respirat\u00f3rias, essa pr\u00e1tica garante que os aparelhos funcionem com mais efici\u00eancia;<\/li><li>Quando for abrir a geladeira, escolha o que ser\u00e1 retirado antes, diminuindo o tempo da porta aberta. N\u00e3o \u00e9 recomend\u00e1vel colocar roupas e sapatos para secar na parte de tr\u00e1s das geladeiras, pois a pr\u00e1tica sobrecarrega o motor e aumenta o consumo para manter a temperatura interna;<\/li><li>Na cozinha, priorize sempre o uso do forno a g\u00e1s, ao inv\u00e9s do micro-ondas e do forno el\u00e9trico;<\/li><li>Vigiar os aparelhos de celular e notebooks enquanto recarregam a bateria tamb\u00e9m \u00e9 fundamental para n\u00e3o deixar os equipamentos na tomada mais tempo do que o necess\u00e1rio;<\/li><li>Quanto ao computador, nas pequenas pausas desligue o monitor, pois ele \u00e9 respons\u00e1vel por cerca de 70% do consumo de energia do equipamento;<\/li><li>A \u00faltima dica \u00e9 ficar atento para n\u00e3o manter dois equipamentos ligados se realmente n\u00e3o os estiver utilizando ao mesmo tempo, como, por exemplo, o computador e a televis\u00e3o.<\/li><\/ul>\n","protected":false},"excerpt":{"rendered":"<p>Desde mar\u00e7o, por causa da pandemia do coronav\u00edrus, estamos uma vivendo uma realidade nova. Com as pessoas passando mais tempo em casa, a tend\u00eancia \u00e9&hellip; <\/p>\n","protected":false},"author":2,"featured_media":177532,"comment_status":"closed","ping_status":"closed","sticky":false,"template":"","format":"standard","meta":{"sfsi_plus_gutenberg_text_before_share":"","sfsi_plus_gutenberg_show_text_before_share":"","sfsi_plus_gutenberg_icon_type":"","sfsi_plus_gutenberg_icon_alignemt":"","sfsi_plus_gutenburg_max_per_row":"","footnotes":""},"categories":[2],"tags":[],"class_list":["post-177531","post","type-post","status-publish","format-standard","has-post-thumbnail","hentry","category-geral"],"_links":{"self":[{"href":"https:\/\/www.caririemacao.com\/1\/wp-json\/wp\/v2\/posts\/177531","targetHints":{"allow":["GET"]}}],"collection":[{"href":"https:\/\/www.caririemacao.com\/1\/wp-json\/wp\/v2\/posts"}],"about":[{"href":"https:\/\/www.caririemacao.com\/1\/wp-json\/wp\/v2\/types\/post"}],"author":[{"embeddable":true,"href":"https:\/\/www.caririemacao.com\/1\/wp-json\/wp\/v2\/users\/2"}],"replies":[{"embeddable":true,"href":"https:\/\/www.caririemacao.com\/1\/wp-json\/wp\/v2\/comments?post=177531"}],"version-history":[{"count":1,"href":"https:\/\/www.caririemacao.com\/1\/wp-json\/wp\/v2\/posts\/177531\/revisions"}],"predecessor-version":[{"id":177533,"href":"https:\/\/www.caririemacao.com\/1\/wp-json\/wp\/v2\/posts\/177531\/revisions\/177533"}],"wp:featuredmedia":[{"embeddable":true,"href":"https:\/\/www.caririemacao.com\/1\/wp-json\/wp\/v2\/media\/177532"}],"wp:attachment":[{"href":"https:\/\/www.caririemacao.com\/1\/wp-json\/wp\/v2\/media?parent=177531"}],"wp:term":[{"taxonomy":"category","embeddable":true,"href":"https:\/\/www.caririemacao.com\/1\/wp-json\/wp\/v2\/categories?post=177531"},{"taxonomy":"post_tag","embeddable":true,"href":"https:\/\/www.caririemacao.com\/1\/wp-json\/wp\/v2\/tags?post=177531"}],"curies":[{"name":"wp","href":"https:\/\/api.w.org\/{rel}","templated":true}]}}