{"id":17754,"date":"2017-04-13T01:54:05","date_gmt":"2017-04-13T04:54:05","guid":{"rendered":"http:\/\/caririemacao.com\/1\/?p=17754"},"modified":"2017-04-13T01:54:05","modified_gmt":"2017-04-13T04:54:05","slug":"em-sessao-bem-movimentada-vereador-diogo-coutinho-apresenta-varios-requerimentos","status":"publish","type":"post","link":"https:\/\/www.caririemacao.com\/1\/2017\/04\/13\/em-sessao-bem-movimentada-vereador-diogo-coutinho-apresenta-varios-requerimentos\/","title":{"rendered":"Em sess\u00e3o bem movimentada, vereador Diogo Coutinho apresenta v\u00e1rios requerimentos"},"content":{"rendered":"<p>Na \u00faltima sess\u00e3o da C\u00e2mara Municipal de Gurj\u00e3o realizada na sexta-feira (7), o vereador gurj\u00e3oense Diogo Coutinho Ramos apresentou tr\u00eas requerimentos.<\/p>\n<p>O primeiro foi solicitando a retirada dos tocos de \u00e1rvores na \u00e1rea do A\u00e7ude P\u00fablico Municipal. No segundo, Diogo pediu ao presidente Adailson que analisasse a possibilidade de definir um padr\u00e3o nas medidas dos quadros da galeria do Poder Legislativo. Ele alegou que h\u00e1 uma necessidade de estabelecer um padr\u00e3o de medidas, com Lei que regulamente, de forma que oriente as legislaturas subsequentes na confec\u00e7\u00e3o do seu registro hist\u00f3rico respeitando requisitos como racionaliza\u00e7\u00e3o do espa\u00e7o e est\u00e9tica.<\/p>\n<p>Diogo Coutinho ainda apresentou voto de pesar pelo falecimento do senhor Yarley da Cunha Silva, falecido no dia 28 de mar\u00e7o.<\/p>\n<p><strong>CARIRI EM A\u00c7\u00c3O<\/strong><\/p>\n<p>Leia mais not\u00edcias em\u00a0<a href=\"http:\/\/www.caririemacao.com\/\">caririemacao.com<\/a>, siga nossa p\u00e1gina no<a href=\"https:\/\/www.facebook.com\/CaririEmAcao\/\">\u00a0Facebook<\/a>\u00a0e\u00a0<a href=\"https:\/\/www.instagram.com\/cariri_em_acao\/?hl=pt-br\">Instagram<\/a>\u00a0veja nossas mat\u00e9rias e fotos. Voc\u00ea tamb\u00e9m pode enviar informa\u00e7\u00f5es \u00e0 Reda\u00e7\u00e3o do Portal Cariri em A\u00e7\u00e3o pelo WhatsApp (83) 9 9634.5791, (83) 9 9601-1162.<\/p>\n","protected":false},"excerpt":{"rendered":"<p>Na \u00faltima sess\u00e3o da C\u00e2mara Municipal de Gurj\u00e3o realizada na sexta-feira (7), o vereador gurj\u00e3oense Diogo Coutinho Ramos apresentou tr\u00eas requerimentos. O primeiro foi solicitando&hellip; <\/p>\n","protected":false},"author":2,"featured_media":17755,"comment_status":"closed","ping_status":"closed","sticky":false,"template":"","format":"standard","meta":{"sfsi_plus_gutenberg_text_before_share":"","sfsi_plus_gutenberg_show_text_before_share":"","sfsi_plus_gutenberg_icon_type":"","sfsi_plus_gutenberg_icon_alignemt":"","sfsi_plus_gutenburg_max_per_row":"","footnotes":""},"categories":[6],"tags":[],"class_list":["post-17754","post","type-post","status-publish","format-standard","has-post-thumbnail","hentry","category-cidades"],"_links":{"self":[{"href":"https:\/\/www.caririemacao.com\/1\/wp-json\/wp\/v2\/posts\/17754","targetHints":{"allow":["GET"]}}],"collection":[{"href":"https:\/\/www.caririemacao.com\/1\/wp-json\/wp\/v2\/posts"}],"about":[{"href":"https:\/\/www.caririemacao.com\/1\/wp-json\/wp\/v2\/types\/post"}],"author":[{"embeddable":true,"href":"https:\/\/www.caririemacao.com\/1\/wp-json\/wp\/v2\/users\/2"}],"replies":[{"embeddable":true,"href":"https:\/\/www.caririemacao.com\/1\/wp-json\/wp\/v2\/comments?post=17754"}],"version-history":[{"count":0,"href":"https:\/\/www.caririemacao.com\/1\/wp-json\/wp\/v2\/posts\/17754\/revisions"}],"wp:featuredmedia":[{"embeddable":true,"href":"https:\/\/www.caririemacao.com\/1\/wp-json\/wp\/v2\/media\/17755"}],"wp:attachment":[{"href":"https:\/\/www.caririemacao.com\/1\/wp-json\/wp\/v2\/media?parent=17754"}],"wp:term":[{"taxonomy":"category","embeddable":true,"href":"https:\/\/www.caririemacao.com\/1\/wp-json\/wp\/v2\/categories?post=17754"},{"taxonomy":"post_tag","embeddable":true,"href":"https:\/\/www.caririemacao.com\/1\/wp-json\/wp\/v2\/tags?post=17754"}],"curies":[{"name":"wp","href":"https:\/\/api.w.org\/{rel}","templated":true}]}}