{"id":177551,"date":"2020-07-06T14:07:31","date_gmt":"2020-07-06T17:07:31","guid":{"rendered":"https:\/\/www.caririemacao.com\/1\/?p=177551"},"modified":"2020-07-06T14:07:31","modified_gmt":"2020-07-06T17:07:31","slug":"foragido-da-justica-acusado-de-trafico-de-drogas-e-venda-ilegal-de-armas-e-preso-pela-prf-na-paraiba","status":"publish","type":"post","link":"https:\/\/www.caririemacao.com\/1\/2020\/07\/06\/foragido-da-justica-acusado-de-trafico-de-drogas-e-venda-ilegal-de-armas-e-preso-pela-prf-na-paraiba\/","title":{"rendered":"Foragido da justi\u00e7a, acusado de tr\u00e1fico de drogas e venda ilegal de armas, \u00e9 preso pela PRF na Para\u00edba"},"content":{"rendered":"\n<h1 class=\"wp-block-heading\"><\/h1>\n\n\n\n<p>A Pol\u00edcia Rodovi\u00e1ria Federal (PRF) na Para\u00edba prendeu na manh\u00e3 desse domingo (5), no munic\u00edpio de Pocinhos, um homem foragido da justi\u00e7a, com uma extensa ficha criminal, incluindo os crimes de tr\u00e1fico de entorpecentes e com\u00e9rcio ilegal de arma de fogo.<\/p>\n\n\n\n<p>Os policiais deram ordem de parada a um ve\u00edculo Fiat Uno mille durante fiscaliza\u00e7\u00e3o no km 183 da BR-230. Ao realizar consultas aos sistemas, foi constatado que o condutor, um homem de 32 anos, era um foragido da justi\u00e7a de alta periculosidade, possu\u00eda dois mandados de pris\u00e3o em aberto e responde pelos crimes de tr\u00e1fico de entorpecentes, associa\u00e7\u00e3o criminosa para o tr\u00e1fico entre estados, com\u00e9rcio ilegal de arma de fogo e recepta\u00e7\u00e3o.<\/p>\n\n\n\n<p>O homem foi detido, encaminhado \u00e0 Pol\u00edcia Civil e cumprir\u00e1 pena imposta pela justi\u00e7a de Jo\u00e3o Pessoa.<\/p>\n","protected":false},"excerpt":{"rendered":"<p>A Pol\u00edcia Rodovi\u00e1ria Federal (PRF) na Para\u00edba prendeu na manh\u00e3 desse domingo (5), no munic\u00edpio de Pocinhos, um homem foragido da justi\u00e7a, com uma extensa&hellip; <\/p>\n","protected":false},"author":2,"featured_media":177552,"comment_status":"closed","ping_status":"closed","sticky":false,"template":"","format":"standard","meta":{"sfsi_plus_gutenberg_text_before_share":"","sfsi_plus_gutenberg_show_text_before_share":"","sfsi_plus_gutenberg_icon_type":"","sfsi_plus_gutenberg_icon_alignemt":"","sfsi_plus_gutenburg_max_per_row":"","footnotes":""},"categories":[12],"tags":[],"class_list":["post-177551","post","type-post","status-publish","format-standard","has-post-thumbnail","hentry","category-policia"],"_links":{"self":[{"href":"https:\/\/www.caririemacao.com\/1\/wp-json\/wp\/v2\/posts\/177551","targetHints":{"allow":["GET"]}}],"collection":[{"href":"https:\/\/www.caririemacao.com\/1\/wp-json\/wp\/v2\/posts"}],"about":[{"href":"https:\/\/www.caririemacao.com\/1\/wp-json\/wp\/v2\/types\/post"}],"author":[{"embeddable":true,"href":"https:\/\/www.caririemacao.com\/1\/wp-json\/wp\/v2\/users\/2"}],"replies":[{"embeddable":true,"href":"https:\/\/www.caririemacao.com\/1\/wp-json\/wp\/v2\/comments?post=177551"}],"version-history":[{"count":1,"href":"https:\/\/www.caririemacao.com\/1\/wp-json\/wp\/v2\/posts\/177551\/revisions"}],"predecessor-version":[{"id":177553,"href":"https:\/\/www.caririemacao.com\/1\/wp-json\/wp\/v2\/posts\/177551\/revisions\/177553"}],"wp:featuredmedia":[{"embeddable":true,"href":"https:\/\/www.caririemacao.com\/1\/wp-json\/wp\/v2\/media\/177552"}],"wp:attachment":[{"href":"https:\/\/www.caririemacao.com\/1\/wp-json\/wp\/v2\/media?parent=177551"}],"wp:term":[{"taxonomy":"category","embeddable":true,"href":"https:\/\/www.caririemacao.com\/1\/wp-json\/wp\/v2\/categories?post=177551"},{"taxonomy":"post_tag","embeddable":true,"href":"https:\/\/www.caririemacao.com\/1\/wp-json\/wp\/v2\/tags?post=177551"}],"curies":[{"name":"wp","href":"https:\/\/api.w.org\/{rel}","templated":true}]}}