{"id":177555,"date":"2020-07-06T14:18:46","date_gmt":"2020-07-06T17:18:46","guid":{"rendered":"https:\/\/www.caririemacao.com\/1\/?p=177555"},"modified":"2020-07-06T14:18:46","modified_gmt":"2020-07-06T17:18:46","slug":"alguem-tem-que-se-arriscar-diz-brasileira-cobaia-de-vacina-da-covid","status":"publish","type":"post","link":"https:\/\/www.caririemacao.com\/1\/2020\/07\/06\/alguem-tem-que-se-arriscar-diz-brasileira-cobaia-de-vacina-da-covid\/","title":{"rendered":"Algu\u00e9m tem que se arriscar&#8217;, diz brasileira cobaia de vacina da Covid"},"content":{"rendered":"\n<h1 class=\"wp-block-heading\"><\/h1>\n\n\n\n<p>&#8220;Foi muito r\u00e1pido. Respondi o e-mail numa segunda-feira e na ter\u00e7a j\u00e1 tive retorno&#8221;, lembra Giovana, que nasceu em Campinas, interior de S\u00e3o Paulo, e mora em Londres h\u00e1 um ano.<\/p>\n\n\n\n<p>A jovem verificou que atendia aos crit\u00e9rios, como n\u00e3o estar gr\u00e1vida ou planejando ter filhos em breve, apresentar um bom quadro de sa\u00fade, n\u00e3o ter sido infectada com a Covid-19 e ter tido contato com infectados -e ela teve, com seus pacientes.<\/p>\n\n\n\n<p>Giovana conversou com o marido e come\u00e7ou o processo em 8 de junho.<\/p>\n\n\n\n<p>&#8220;N\u00e3o tive medo. Qualquer vacina, mesmo uma licenciada, poderia ter um efeito colateral. Mas os riscos s\u00e3o muito baixos. Eles tamb\u00e9m falaram que, a qualquer momento, se eu n\u00e3o me sentisse confort\u00e1vel com o teste, poderia parar, ent\u00e3o me senti segura&#8221;, diz.<\/p>\n\n\n\n<p>A calma da fonoaudi\u00f3loga n\u00e3o se deve apenas por ela ser da \u00e1rea da Sa\u00fade e estar ciente do processo. Segundo a jovem, tudo foi muito bem detalhado antes que os testes come\u00e7assem.<\/p>\n\n\n\n<p>&#8220;Eles me deram v\u00e1rios pap\u00e9is, passavam v\u00eddeos explicativos o tempo todo na sala de espera e perguntavam se eu tinha d\u00favidas&#8221; conta. &#8220;Bom, eu sou saud\u00e1vel e algu\u00e9m vai ter que arriscar&#8221;.<\/p>\n\n\n\n<p>H\u00e1 tr\u00eas semana em testes, Giovana j\u00e1 esteve em dois atendimentos no St. Thomas&#8217; Hospital. No primeiro, ela assinou os documentos, foi entrevistada e fez exames de sangue e urina. No segundo, os mesmos exames foram feitos e ela tomou a vacina em seguida. &#8220;Fiquei um pouco mal no dia seguinte, com dor de cabe\u00e7a, dor no bra\u00e7o e indisposta, mas isso \u00e9 normal e esperado&#8221;.<\/p>\n\n\n\n<p>De agora em diante, ela far\u00e1 testes de Covid-19 em casa semanalmente e enviar\u00e1 pelos correios para a equipe respons\u00e1vel -o primeiro resultado j\u00e1 chegou por SMS nesta quarta-feira (24) e veio negativo.<\/p>\n\n\n\n<p>&#8220;Vou seguir com minha vida normal e, caso eu tenha os sintomas, preciso avisar eles o mais r\u00e1pido poss\u00edvel&#8221;. Em Londres, onde Giovana mora, as medidas de desconfinamento est\u00e3o sendo gradualmente adotadas por conta da diminui\u00e7\u00e3o de casos.<\/p>\n\n\n\n<p>Comprometida com os testes durante um ano, a jovem resolveu compartilhar a experi\u00eancia em seu perfil no Instagram, o @giipelomundo. Ela diz filtrar o que fala para n\u00e3o interferir na integridade do estudo e revela que o p\u00fablico tem dado um retorno positivo pela abordagem do tema.<\/p>\n\n\n\n<p>&#8220;H\u00e1 quem fale que estou fazendo parte da Hist\u00f3ria. N\u00e3o tenho essa no\u00e7\u00e3o. Sou participante de um estudo e sei que estou ajudando de alguma forma, mas o m\u00e9rito n\u00e3o \u00e9 meu, \u00e9 de quem est\u00e1 fazendo o estudo. Isso \u00e9 algo muito maior&#8221;, reflete Giovana.<\/p>\n\n\n\n<p>A fonoaudi\u00f3loga est\u00e1 animada com o in\u00edcio das testagens no Brasil e torce para que a situa\u00e7\u00e3o melhore logo no pa\u00eds, para onde deve vir em dezembro. &#8220;Quando tudo isso acabar, quero viajar e socializar&#8221;, declara.<\/p>\n\n\n\n<p>Em S\u00e3o Paulo, profissionais da&nbsp;sa\u00fade de 18 a 55 anos que atuam na linha de frente do combate \u00e0 Covid-19 e trabalhadores de ambientes de alto risco de contamina\u00e7\u00e3o foram selecionados.<\/p>\n\n\n\n<p>Segundo a Universidade Federal de S\u00e3o Paulo (Unifesp), os r\u00edgidos padr\u00f5es da Universidade de Oxford vai garantir que o acompanhamento dos pesquisadores brasileiros seja muito pr\u00f3ximo dos volunt\u00e1rios. O Brasil \u00e9 o primeiro pa\u00eds fora do Reino Unido a iniciar a testagem da vacina e a Unifesp reitera a import\u00e2ncia em fazer parte dessa miss\u00e3o.<\/p>\n","protected":false},"excerpt":{"rendered":"<p>&#8220;Foi muito r\u00e1pido. Respondi o e-mail numa segunda-feira e na ter\u00e7a j\u00e1 tive retorno&#8221;, lembra Giovana, que nasceu em Campinas, interior de S\u00e3o Paulo, e&hellip; <\/p>\n","protected":false},"author":2,"featured_media":177556,"comment_status":"closed","ping_status":"closed","sticky":false,"template":"","format":"standard","meta":{"sfsi_plus_gutenberg_text_before_share":"","sfsi_plus_gutenberg_show_text_before_share":"","sfsi_plus_gutenberg_icon_type":"","sfsi_plus_gutenberg_icon_alignemt":"","sfsi_plus_gutenburg_max_per_row":"","footnotes":""},"categories":[2],"tags":[],"class_list":["post-177555","post","type-post","status-publish","format-standard","has-post-thumbnail","hentry","category-geral"],"_links":{"self":[{"href":"https:\/\/www.caririemacao.com\/1\/wp-json\/wp\/v2\/posts\/177555","targetHints":{"allow":["GET"]}}],"collection":[{"href":"https:\/\/www.caririemacao.com\/1\/wp-json\/wp\/v2\/posts"}],"about":[{"href":"https:\/\/www.caririemacao.com\/1\/wp-json\/wp\/v2\/types\/post"}],"author":[{"embeddable":true,"href":"https:\/\/www.caririemacao.com\/1\/wp-json\/wp\/v2\/users\/2"}],"replies":[{"embeddable":true,"href":"https:\/\/www.caririemacao.com\/1\/wp-json\/wp\/v2\/comments?post=177555"}],"version-history":[{"count":1,"href":"https:\/\/www.caririemacao.com\/1\/wp-json\/wp\/v2\/posts\/177555\/revisions"}],"predecessor-version":[{"id":177557,"href":"https:\/\/www.caririemacao.com\/1\/wp-json\/wp\/v2\/posts\/177555\/revisions\/177557"}],"wp:featuredmedia":[{"embeddable":true,"href":"https:\/\/www.caririemacao.com\/1\/wp-json\/wp\/v2\/media\/177556"}],"wp:attachment":[{"href":"https:\/\/www.caririemacao.com\/1\/wp-json\/wp\/v2\/media?parent=177555"}],"wp:term":[{"taxonomy":"category","embeddable":true,"href":"https:\/\/www.caririemacao.com\/1\/wp-json\/wp\/v2\/categories?post=177555"},{"taxonomy":"post_tag","embeddable":true,"href":"https:\/\/www.caririemacao.com\/1\/wp-json\/wp\/v2\/tags?post=177555"}],"curies":[{"name":"wp","href":"https:\/\/api.w.org\/{rel}","templated":true}]}}