{"id":177563,"date":"2020-07-06T14:27:08","date_gmt":"2020-07-06T17:27:08","guid":{"rendered":"https:\/\/www.caririemacao.com\/1\/?p=177563"},"modified":"2020-07-06T14:27:08","modified_gmt":"2020-07-06T17:27:08","slug":"paulo-guedes-anuncia-volta-da-cpmf-e-imposto-sobre-dividendos-para-empresas","status":"publish","type":"post","link":"https:\/\/www.caririemacao.com\/1\/2020\/07\/06\/paulo-guedes-anuncia-volta-da-cpmf-e-imposto-sobre-dividendos-para-empresas\/","title":{"rendered":"Paulo Guedes anuncia volta da CPMF e imposto sobre dividendos para empresas"},"content":{"rendered":"\n<h3 class=\"wp-block-heading\"><\/h3>\n\n\n\n<hr class=\"wp-block-separator\"\/>\n\n\n\n<p>O ministro da Economia, Paulo Guedes, anunciou em entrevista \u00e0 CNN Brasil a volta da Contribui\u00e7\u00e3o Provis\u00f3ria sobre Movimenta\u00e7\u00e3o Financeira (CPMF), que ser\u00e1&nbsp;<strong>rebatizada como Imposto sobre Transa\u00e7\u00f5es Digitais (ISD)<\/strong>, e tamb\u00e9m o tributo sobre dividendos \u2013 hoje, o Brasil \u00e9 um dos poucos pa\u00edses do mundo que n\u00e3o tributam empres\u00e1rios quando transferem recursos de suas empresas para suas contas pessoais.<\/p>\n\n\n\n<p>\u201cNa OCDE (Organiza\u00e7\u00e3o para Coopera\u00e7\u00e3o e Desenvolvimento Econ\u00f4mico), as empresas pagam m\u00e9dia de 19% ou 20% de imposto de renda. No Brasil, temos 34%. Quem vai querer investir no Brasil?\u201d, disse ele. \u201cPrefiro que a empresa pague menos e que cobre no dividendo\u201d, afirmou, defendendo a tese de que, com a mudan\u00e7a, as empresas ter\u00e3o mais caixa para investir.<\/p>\n\n\n\n<p>Na entrevista, ele tamb\u00e9m falou sobre a volta de um imposto sobre transa\u00e7\u00f5es financeiras, ou seja, a velha CPMF. \u201cTodo mundo falava do imposto de transa\u00e7\u00e3o que \u00e9 muito ruim, \u00e9 feio, uma areia do sistema, mas tem uma base de incid\u00eancia que traficante de droga n\u00e3o escapa, traficante de arma n\u00e3o escapa. Ningu\u00e9m escapa. Corruptos n\u00e3o escapam\u201d, disse ele, que tamb\u00e9m afirmou que \u201cse todos pagarem uma al\u00edquota pequeninha \u00e9 poss\u00edvel desonerar\u201d outros tributos.<\/p>\n\n\n\n<p>\u201cN\u00e3o \u00e9 a CPMF. \u00c9 sobre transa\u00e7\u00f5es digitais\u201d, disse Guedes, sem ressaltar que praticamente todas as transa\u00e7\u00f5es financeiras s\u00e3o digitais.<\/p>\n","protected":false},"excerpt":{"rendered":"<p>O ministro da Economia, Paulo Guedes, anunciou em entrevista \u00e0 CNN Brasil a volta da Contribui\u00e7\u00e3o Provis\u00f3ria sobre Movimenta\u00e7\u00e3o Financeira (CPMF), que ser\u00e1&nbsp;rebatizada como Imposto&hellip; <\/p>\n","protected":false},"author":2,"featured_media":177564,"comment_status":"closed","ping_status":"closed","sticky":false,"template":"","format":"standard","meta":{"sfsi_plus_gutenberg_text_before_share":"","sfsi_plus_gutenberg_show_text_before_share":"","sfsi_plus_gutenberg_icon_type":"","sfsi_plus_gutenberg_icon_alignemt":"","sfsi_plus_gutenburg_max_per_row":"","footnotes":""},"categories":[2],"tags":[],"class_list":["post-177563","post","type-post","status-publish","format-standard","has-post-thumbnail","hentry","category-geral"],"_links":{"self":[{"href":"https:\/\/www.caririemacao.com\/1\/wp-json\/wp\/v2\/posts\/177563","targetHints":{"allow":["GET"]}}],"collection":[{"href":"https:\/\/www.caririemacao.com\/1\/wp-json\/wp\/v2\/posts"}],"about":[{"href":"https:\/\/www.caririemacao.com\/1\/wp-json\/wp\/v2\/types\/post"}],"author":[{"embeddable":true,"href":"https:\/\/www.caririemacao.com\/1\/wp-json\/wp\/v2\/users\/2"}],"replies":[{"embeddable":true,"href":"https:\/\/www.caririemacao.com\/1\/wp-json\/wp\/v2\/comments?post=177563"}],"version-history":[{"count":1,"href":"https:\/\/www.caririemacao.com\/1\/wp-json\/wp\/v2\/posts\/177563\/revisions"}],"predecessor-version":[{"id":177565,"href":"https:\/\/www.caririemacao.com\/1\/wp-json\/wp\/v2\/posts\/177563\/revisions\/177565"}],"wp:featuredmedia":[{"embeddable":true,"href":"https:\/\/www.caririemacao.com\/1\/wp-json\/wp\/v2\/media\/177564"}],"wp:attachment":[{"href":"https:\/\/www.caririemacao.com\/1\/wp-json\/wp\/v2\/media?parent=177563"}],"wp:term":[{"taxonomy":"category","embeddable":true,"href":"https:\/\/www.caririemacao.com\/1\/wp-json\/wp\/v2\/categories?post=177563"},{"taxonomy":"post_tag","embeddable":true,"href":"https:\/\/www.caririemacao.com\/1\/wp-json\/wp\/v2\/tags?post=177563"}],"curies":[{"name":"wp","href":"https:\/\/api.w.org\/{rel}","templated":true}]}}