{"id":177567,"date":"2020-07-06T14:29:34","date_gmt":"2020-07-06T17:29:34","guid":{"rendered":"https:\/\/www.caririemacao.com\/1\/?p=177567"},"modified":"2020-07-06T14:44:49","modified_gmt":"2020-07-06T17:44:49","slug":"shopping-de-sume-assina-contrato-para-instalacao-de-supermercado-em-loja-ancora-do-predio","status":"publish","type":"post","link":"https:\/\/www.caririemacao.com\/1\/2020\/07\/06\/shopping-de-sume-assina-contrato-para-instalacao-de-supermercado-em-loja-ancora-do-predio\/","title":{"rendered":"Shopping de Sum\u00e9 assina contrato para instala\u00e7\u00e3o de supermercado em loja \u00e2ncora do pr\u00e9dio"},"content":{"rendered":"\n<p>O Sum\u00e9 Shopping que j\u00e1 est\u00e1 com 96% de suas lojas locadas em diversos segmentos, ter\u00e1 tamb\u00e9m um importante empreendimento em suas depend\u00eancias com a ocupa\u00e7\u00e3o de um Supermercado Express, na&nbsp;<em>loja \u00c2ncora 01<\/em>, do empres\u00e1rio Br\u00e1ulio Duarte, popularmente conhecido como Galego, ele que j\u00e1 tem h\u00e1 anos no munic\u00edpio o empreendimento&nbsp;<em>Mercadinho do Galego<\/em>, da Rede Gente Econ\u00f4mica.<\/p>\n\n\n\n<p>De acordo com o Servi\u00e7o Brasileiro de Apoio \u00e0s Micros e Pequenas Empresas entre as lojas \u00e2ncoras de Shoppings mais comuns est\u00e3o as redes de supermercados&nbsp;<em>Express<\/em>&nbsp;como tend\u00eancia no surtimento de&nbsp;<em>Mix<\/em>&nbsp;do empreendimento, o que torna conveni\u00eancia no fluxo e \u00e0s necessidades do dia-a-dia dos consumidores.<\/p>\n\n\n\n<p>O prefeito \u00c9den Duarte e o empres\u00e1rio Galego, assinaram o contrato de loca\u00e7\u00e3o nas depend\u00eancias do Shopping no \u00faltimo dia 02 de julho.<\/p>\n\n\n\n<figure class=\"wp-block-image size-large\"><img fetchpriority=\"high\" decoding=\"async\" width=\"300\" height=\"200\" src=\"https:\/\/www.caririemacao.com\/1\/wp-content\/uploads\/2020\/07\/WhatsApp-Image-2020-07-06-at-10.29.50-3-300x200-1.jpeg\" alt=\"\" class=\"wp-image-177580\"\/><\/figure>\n\n\n\n<p>\u201c\u00c9 muito importante para a economia do nosso munic\u00edpio, o shopping que j\u00e1 est\u00e1 com quase 100% de suas lojas ocupadas, ir\u00e1 gerar oportunidades de emprego para a popula\u00e7\u00e3o e oportunidades para os empreendedores da regi\u00e3o, nessa magnifica estrutura que \u00e9 o Shopping de Sum\u00e9\u201d, disse o prefeito \u00c9den.<\/p>\n\n\n\n<p>\u201cA gente sempre teve vontade de ter o nosso supermercado no centro da cidade para atender a popula\u00e7\u00e3o do centro e da zona rural. Surgiu essa oportunidade e a gente agarrou. Vamos fazer um empreendimento diferente, bonito e que atenda ao gosto dos clientes\u201d, declarou Galego.<\/p>\n\n\n\n<p>Dos Editais de Chamamento do Shopping, 96% das salas encontram-se ocupadas e est\u00e3o sendo adaptadas pelos lojistas para que o pr\u00e9dio possa ser inaugurado com todos os espa\u00e7os funcionando.<\/p>\n\n\n\n<figure class=\"wp-block-image size-large\"><img decoding=\"async\" width=\"300\" height=\"200\" data-src=\"https:\/\/www.caririemacao.com\/1\/wp-content\/uploads\/2020\/07\/WhatsApp-Image-2020-07-06-at-10.29.52-4-300x200-1.jpeg\" alt=\"\" class=\"wp-image-177581 lazyload\" src=\"data:image\/svg+xml;base64,PHN2ZyB3aWR0aD0iMSIgaGVpZ2h0PSIxIiB4bWxucz0iaHR0cDovL3d3dy53My5vcmcvMjAwMC9zdmciPjwvc3ZnPg==\" style=\"--smush-placeholder-width: 300px; --smush-placeholder-aspect-ratio: 300\/200;\" \/><\/figure>\n\n\n\n<p>Al\u00e9m dos diversos tipos de empreendimentos, h\u00e1 ainda no Sum\u00e9 Shopping a Casa da Cidadania, com servi\u00e7os de emiss\u00e3o de RG, CPF, Carteira de Trabalho, Procon, Detran, INSS e Sala do Empreendedor e o Instituto Brasileiro de Geografia e Estat\u00edstica (IBGE) \u2013 Ag\u00eancia Sum\u00e9 tamb\u00e9m estar\u00e1 se mudando para o shopping.<\/p>\n\n\n\n<p>Para o diretor do Sum\u00e9 Shopping, mestre em Gest\u00e3o P\u00fablica e Coopera\u00e7\u00e3o Internacional, Williams Martinho, o Sum\u00e9 Shopping, como proposta de valor social, ter\u00e1 um impacto significativo no PIB Municipal por meio da gera\u00e7\u00e3o de emprego e renda, considerando a ocupa\u00e7\u00e3o de mais de 50 lojas, proporcionando ainda a libera\u00e7\u00e3o de um potencial inexplorado que trar\u00e1 benef\u00edcios transformacionais em grande escala.<\/p>\n\n\n\n<p>O prefeito \u00c9den declarou que a perspectiva de inaugura\u00e7\u00e3o est\u00e1 pr\u00f3xima, mas que depender\u00e1 da estabilidade de casos de coronav\u00edrus no munic\u00edpio e na regi\u00e3o.<\/p>\n\n\n\n<p>A lista de segmentos de lojas que j\u00e1 ocupam o mix de empreendimentos do Sum\u00e9 Shopping s\u00e3o:<\/p>\n\n\n\n<figure class=\"wp-block-table\"><table><tbody><tr><td><strong>Tipos de Segmentos de Lojas<\/strong><\/td><\/tr><tr><td>Supermercado Express<\/td><\/tr><tr><td>Pizzaria<\/td><\/tr><tr><td>Choperia e Hamburgueria<\/td><\/tr><tr><td>Cafeteria e Lanchonete Gourmet<\/td><\/tr><tr><td>Comida Regional<\/td><\/tr><tr><td>(Franquia)Correspondente Banc\u00e1rio<\/td><\/tr><tr><td>Cosm\u00e9ticos e Perfumaria<\/td><\/tr><tr><td>\u00d3tica<\/td><\/tr><tr><td>Enxoval: Cama, Mesa e Banho<\/td><\/tr><tr><td>Moda infantil-enxoval-baby kids-infanto juvenil<\/td><\/tr><tr><td>(Franquia)Aplicativo de entregas<\/td><\/tr><tr><td>Camisaria<\/td><\/tr><tr><td>Roupas Femininas e Cal\u00e7ados Femininos<\/td><\/tr><tr><td>Alugu\u00e9is de Roupas para festas<\/td><\/tr><tr><td>Lingerie<\/td><\/tr><tr><td>Franquia(Hering)<\/td><\/tr><tr><td>Roupas em Geral e Acess\u00f3rios<\/td><\/tr><tr><td>Sapatos masculinos<\/td><\/tr><tr><td>Suprimentos Naturais<\/td><\/tr><tr><td>Chocolataria<\/td><\/tr><tr><td>Sal\u00e3o de Beleza Feminino<\/td><\/tr><tr><td>Spar de Beleza<\/td><\/tr><tr><td>Barbearia<\/td><\/tr><tr><td>Centro de Treinamento de Beleza<\/td><\/tr><tr><td>Ag\u00eancia de Viagens e Turismo<\/td><\/tr><tr><td>Cl\u00ednica Odontol\u00f3gica<\/td><\/tr><tr><td>Manuten\u00e7\u00e3o e Acess\u00f3rios para celular<\/td><\/tr><tr><td>Sala de Multim\u00eddia<\/td><\/tr><tr><td>Sistema VOIP de Telefonia<\/td><\/tr><tr><td>Venda e Instala\u00e7\u00e3o de C\u00e2meras e ar-condicionados<\/td><\/tr><tr><td>Escrit\u00f3rio de Advocacia<\/td><\/tr><tr><td>Escrit\u00f3rio de Assessoria para Agricultores<\/td><\/tr><tr><td>(Quiosque)Sorveteria<\/td><\/tr><tr><td>(Quiosque)Floricultura<\/td><\/tr><tr><td>(Quiosque)Brinquedos<\/td><\/tr><\/tbody><\/table><\/figure>\n\n\n\n<p>Um novo Edital de Chamamento P\u00fablico ser\u00e1 lan\u00e7ado nos pr\u00f3ximos dias para a ocupa\u00e7\u00e3o das \u00faltimas lojas restantes do Sum\u00e9 Shopping.<\/p>\n\n\n\n<p>Ascom PMS<\/p>\n\n\n\n<p>06\/07\/2020<\/p>\n","protected":false},"excerpt":{"rendered":"<p>O Sum\u00e9 Shopping que j\u00e1 est\u00e1 com 96% de suas lojas locadas em diversos segmentos, ter\u00e1 tamb\u00e9m um importante empreendimento em suas depend\u00eancias com a&hellip; <\/p>\n","protected":false},"author":1,"featured_media":177569,"comment_status":"closed","ping_status":"closed","sticky":false,"template":"","format":"standard","meta":{"sfsi_plus_gutenberg_text_before_share":"","sfsi_plus_gutenberg_show_text_before_share":"","sfsi_plus_gutenberg_icon_type":"","sfsi_plus_gutenberg_icon_alignemt":"","sfsi_plus_gutenburg_max_per_row":"","footnotes":""},"categories":[6,50],"tags":[],"class_list":["post-177567","post","type-post","status-publish","format-standard","has-post-thumbnail","hentry","category-cidades","category-destaque"],"_links":{"self":[{"href":"https:\/\/www.caririemacao.com\/1\/wp-json\/wp\/v2\/posts\/177567","targetHints":{"allow":["GET"]}}],"collection":[{"href":"https:\/\/www.caririemacao.com\/1\/wp-json\/wp\/v2\/posts"}],"about":[{"href":"https:\/\/www.caririemacao.com\/1\/wp-json\/wp\/v2\/types\/post"}],"author":[{"embeddable":true,"href":"https:\/\/www.caririemacao.com\/1\/wp-json\/wp\/v2\/users\/1"}],"replies":[{"embeddable":true,"href":"https:\/\/www.caririemacao.com\/1\/wp-json\/wp\/v2\/comments?post=177567"}],"version-history":[{"count":4,"href":"https:\/\/www.caririemacao.com\/1\/wp-json\/wp\/v2\/posts\/177567\/revisions"}],"predecessor-version":[{"id":177582,"href":"https:\/\/www.caririemacao.com\/1\/wp-json\/wp\/v2\/posts\/177567\/revisions\/177582"}],"wp:featuredmedia":[{"embeddable":true,"href":"https:\/\/www.caririemacao.com\/1\/wp-json\/wp\/v2\/media\/177569"}],"wp:attachment":[{"href":"https:\/\/www.caririemacao.com\/1\/wp-json\/wp\/v2\/media?parent=177567"}],"wp:term":[{"taxonomy":"category","embeddable":true,"href":"https:\/\/www.caririemacao.com\/1\/wp-json\/wp\/v2\/categories?post=177567"},{"taxonomy":"post_tag","embeddable":true,"href":"https:\/\/www.caririemacao.com\/1\/wp-json\/wp\/v2\/tags?post=177567"}],"curies":[{"name":"wp","href":"https:\/\/api.w.org\/{rel}","templated":true}]}}