{"id":177568,"date":"2020-07-06T14:30:27","date_gmt":"2020-07-06T17:30:27","guid":{"rendered":"https:\/\/www.caririemacao.com\/1\/?p=177568"},"modified":"2020-07-06T14:30:27","modified_gmt":"2020-07-06T17:30:27","slug":"filho-morre-e-pai-fica-ferido-durante-ataque-a-tiros-em-joao-pessoa","status":"publish","type":"post","link":"https:\/\/www.caririemacao.com\/1\/2020\/07\/06\/filho-morre-e-pai-fica-ferido-durante-ataque-a-tiros-em-joao-pessoa\/","title":{"rendered":"Filho morre e pai fica ferido durante ataque a tiros em Jo\u00e3o Pessoa"},"content":{"rendered":"\n<h1 class=\"wp-block-heading\"><\/h1>\n\n\n\n<p>Um ataque a tiros, na noite deste domingo (05), deixou um jovem de 18 anos morto e um homem ferido, na pra\u00e7a da Amizade, no bairro do Rangel, em Jo\u00e3o Pessoa. De acordo com informa\u00e7\u00f5es, as v\u00edtimas eram pai e filho.<\/p>\n\n\n\n<p>O pai&nbsp;Francisco de Assis de Oliveira informou que no final da tarde o filho teria sa\u00eddo de casa afirmando que iria se encontrar com uma garota. A noite ele recebeu um telefonema do filho pedindo para que fosse busc\u00e1-lo na Pra\u00e7a da Amizade no bairro do Rangel.<\/p>\n\n\n\n<p>Ao chegar no local, ele encontrou o filho&nbsp;Matheus Arruda Nunes de Oliveira,&nbsp; \u201cMatheuzinho do Rangel\u201d, j\u00e1 ferido, que entrou no carro para ser socorrido para uma unidade de sa\u00fade. O ve\u00edculo ent\u00e3o, foi trancado por outro com v\u00e1rios homens dentro.<\/p>\n\n\n\n<p>Dois deles desceram do carro e efetuaram os disparos. O pai ent\u00e3o conseguiu dar r\u00e9 e fugir dos suspeitos. Neste momento, ele percebeu que estava ferido e conseguiu dirigir at\u00e9 o posto de combust\u00edveis no bairro do Cristo, onde pediu ajuda aos frentistas.<\/p>\n\n\n\n<p>O Samu foi acionado e ao chegar ao local apenas constatou a morte do jovem. O pai foi socorrido para o Hospital de Trauma de Jo\u00e3o Pessoa, por\u00e9m o estado de sa\u00fade n\u00e3o foi divulgado.<\/p>\n\n\n\n<p>O pai informou aos Policiais, que havia se mudado do Rangel para os Banc\u00e1rios, ap\u00f3s o filho ter sido amea\u00e7ado de morte,<\/p>\n\n\n\n<p>A causa do ataque e os autores ainda s\u00e3o desconhecidos.<\/p>\n\n\n\n<p>CLICK PB<\/p>\n","protected":false},"excerpt":{"rendered":"<p>Um ataque a tiros, na noite deste domingo (05), deixou um jovem de 18 anos morto e um homem ferido, na pra\u00e7a da Amizade, no&hellip; <\/p>\n","protected":false},"author":2,"featured_media":177571,"comment_status":"closed","ping_status":"closed","sticky":false,"template":"","format":"standard","meta":{"sfsi_plus_gutenberg_text_before_share":"","sfsi_plus_gutenberg_show_text_before_share":"","sfsi_plus_gutenberg_icon_type":"","sfsi_plus_gutenberg_icon_alignemt":"","sfsi_plus_gutenburg_max_per_row":"","footnotes":""},"categories":[2],"tags":[],"class_list":["post-177568","post","type-post","status-publish","format-standard","has-post-thumbnail","hentry","category-geral"],"_links":{"self":[{"href":"https:\/\/www.caririemacao.com\/1\/wp-json\/wp\/v2\/posts\/177568","targetHints":{"allow":["GET"]}}],"collection":[{"href":"https:\/\/www.caririemacao.com\/1\/wp-json\/wp\/v2\/posts"}],"about":[{"href":"https:\/\/www.caririemacao.com\/1\/wp-json\/wp\/v2\/types\/post"}],"author":[{"embeddable":true,"href":"https:\/\/www.caririemacao.com\/1\/wp-json\/wp\/v2\/users\/2"}],"replies":[{"embeddable":true,"href":"https:\/\/www.caririemacao.com\/1\/wp-json\/wp\/v2\/comments?post=177568"}],"version-history":[{"count":1,"href":"https:\/\/www.caririemacao.com\/1\/wp-json\/wp\/v2\/posts\/177568\/revisions"}],"predecessor-version":[{"id":177572,"href":"https:\/\/www.caririemacao.com\/1\/wp-json\/wp\/v2\/posts\/177568\/revisions\/177572"}],"wp:featuredmedia":[{"embeddable":true,"href":"https:\/\/www.caririemacao.com\/1\/wp-json\/wp\/v2\/media\/177571"}],"wp:attachment":[{"href":"https:\/\/www.caririemacao.com\/1\/wp-json\/wp\/v2\/media?parent=177568"}],"wp:term":[{"taxonomy":"category","embeddable":true,"href":"https:\/\/www.caririemacao.com\/1\/wp-json\/wp\/v2\/categories?post=177568"},{"taxonomy":"post_tag","embeddable":true,"href":"https:\/\/www.caririemacao.com\/1\/wp-json\/wp\/v2\/tags?post=177568"}],"curies":[{"name":"wp","href":"https:\/\/api.w.org\/{rel}","templated":true}]}}