{"id":177574,"date":"2020-07-06T14:32:51","date_gmt":"2020-07-06T17:32:51","guid":{"rendered":"https:\/\/www.caririemacao.com\/1\/?p=177574"},"modified":"2020-07-06T14:32:51","modified_gmt":"2020-07-06T17:32:51","slug":"inscricoes-para-o-sisu-comecam-amanha","status":"publish","type":"post","link":"https:\/\/www.caririemacao.com\/1\/2020\/07\/06\/inscricoes-para-o-sisu-comecam-amanha\/","title":{"rendered":"Inscri\u00e7\u00f5es para o Sisu come\u00e7am amanh\u00e3"},"content":{"rendered":"\n<h2 class=\"wp-block-heading\"><\/h2>\n\n\n\n<p>As inscri\u00e7\u00f5es para a edi\u00e7\u00e3o 2020 do segundo semestre do Sistema de Sele\u00e7\u00e3o Unificada (Sisu) come\u00e7am amanh\u00e3 (7). Estudantes interessados em concorrer a vagas em institui\u00e7\u00f5es p\u00fablicas de ensino superior devem acessar o&nbsp;<em><a href=\"https:\/\/sisu.mec.gov.br\/#\/\" target=\"_blank\" rel=\"noreferrer noopener\">site<\/a>&nbsp;<\/em>do programa at\u00e9 esta sexta-feira (10). Mais de 51 mil vagas ser\u00e3o oferecidas em institui\u00e7\u00f5es do pa\u00eds.<img decoding=\"async\" data-src=\"https:\/\/agenciabrasil.ebc.com.br\/ebc.png?id=1310936&amp;o=node\" src=\"data:image\/svg+xml;base64,PHN2ZyB3aWR0aD0iMSIgaGVpZ2h0PSIxIiB4bWxucz0iaHR0cDovL3d3dy53My5vcmcvMjAwMC9zdmciPjwvc3ZnPg==\" class=\"lazyload\"><\/p>\n\n\n\n<p>Pela primeira vez, al\u00e9m dos cursos de gradua\u00e7\u00e3o presenciais, o Sisu 2020.2 vai ofertar vagas na modalidade a dist\u00e2ncia (EaD). Podem participar da sele\u00e7\u00e3o candidatos que prestaram as provas do Exame Nacional do Ensino M\u00e9dio (Enem) em 2019 e n\u00e3o tiraram nota zero na reda\u00e7\u00e3o. Quem fez a prova na condi\u00e7\u00e3o de treineiro est\u00e1 fora do processo.<\/p>\n\n\n\n<p>A classifica\u00e7\u00e3o \u00e9 de acordo com o desempenho obtido nas provas. Para determinados cursos, algumas institui\u00e7\u00f5es exigem nota m\u00ednima para ingresso. As informa\u00e7\u00f5es est\u00e3o nos editais elaborados por cada universidade na ades\u00e3o ao programa.<\/p>\n\n\n\n<p>Para concorrer ao Sisu n\u00e3o h\u00e1 crit\u00e9rio de renda familiar. A condi\u00e7\u00e3o \u00e9 imposta apenas para candidatos a vagas reservadas para pessoas de baixa renda, quando a op\u00e7\u00e3o \u00e9 disponibilizada pela institui\u00e7\u00e3o de ensino. Segundo cronograma divulgado pelo Mec, o resultado do Sisu ser\u00e1 divulgado no dia 14 de julho. Se aprovado, o aluno precisa ficar atento \u00e0s instru\u00e7\u00f5es para n\u00e3o perder o prazo de matr\u00edcula na institui\u00e7\u00e3o. Quem n\u00e3o for aprovado em nenhuma op\u00e7\u00e3o de curso ainda poder\u00e1 se inscrever na lista de espera. A solicita\u00e7\u00e3o tamb\u00e9m \u00e9 feita pelo&nbsp;<em>site<\/em>&nbsp;do progarma entre os dias 14 e 21 de julho.<\/p>\n","protected":false},"excerpt":{"rendered":"<p>As inscri\u00e7\u00f5es para a edi\u00e7\u00e3o 2020 do segundo semestre do Sistema de Sele\u00e7\u00e3o Unificada (Sisu) come\u00e7am amanh\u00e3 (7). Estudantes interessados em concorrer a vagas em&hellip; <\/p>\n","protected":false},"author":2,"featured_media":177575,"comment_status":"closed","ping_status":"closed","sticky":false,"template":"","format":"standard","meta":{"sfsi_plus_gutenberg_text_before_share":"","sfsi_plus_gutenberg_show_text_before_share":"","sfsi_plus_gutenberg_icon_type":"","sfsi_plus_gutenberg_icon_alignemt":"","sfsi_plus_gutenburg_max_per_row":"","footnotes":""},"categories":[2],"tags":[],"class_list":["post-177574","post","type-post","status-publish","format-standard","has-post-thumbnail","hentry","category-geral"],"_links":{"self":[{"href":"https:\/\/www.caririemacao.com\/1\/wp-json\/wp\/v2\/posts\/177574","targetHints":{"allow":["GET"]}}],"collection":[{"href":"https:\/\/www.caririemacao.com\/1\/wp-json\/wp\/v2\/posts"}],"about":[{"href":"https:\/\/www.caririemacao.com\/1\/wp-json\/wp\/v2\/types\/post"}],"author":[{"embeddable":true,"href":"https:\/\/www.caririemacao.com\/1\/wp-json\/wp\/v2\/users\/2"}],"replies":[{"embeddable":true,"href":"https:\/\/www.caririemacao.com\/1\/wp-json\/wp\/v2\/comments?post=177574"}],"version-history":[{"count":1,"href":"https:\/\/www.caririemacao.com\/1\/wp-json\/wp\/v2\/posts\/177574\/revisions"}],"predecessor-version":[{"id":177576,"href":"https:\/\/www.caririemacao.com\/1\/wp-json\/wp\/v2\/posts\/177574\/revisions\/177576"}],"wp:featuredmedia":[{"embeddable":true,"href":"https:\/\/www.caririemacao.com\/1\/wp-json\/wp\/v2\/media\/177575"}],"wp:attachment":[{"href":"https:\/\/www.caririemacao.com\/1\/wp-json\/wp\/v2\/media?parent=177574"}],"wp:term":[{"taxonomy":"category","embeddable":true,"href":"https:\/\/www.caririemacao.com\/1\/wp-json\/wp\/v2\/categories?post=177574"},{"taxonomy":"post_tag","embeddable":true,"href":"https:\/\/www.caririemacao.com\/1\/wp-json\/wp\/v2\/tags?post=177574"}],"curies":[{"name":"wp","href":"https:\/\/api.w.org\/{rel}","templated":true}]}}