{"id":177583,"date":"2020-07-06T16:58:12","date_gmt":"2020-07-06T19:58:12","guid":{"rendered":"https:\/\/www.caririemacao.com\/1\/?p=177583"},"modified":"2020-07-06T16:58:12","modified_gmt":"2020-07-06T19:58:12","slug":"secretaria-de-saude-de-prata-realiza-acoes-de-combate-ao-mosquito-da-dengue-no-municipio","status":"publish","type":"post","link":"https:\/\/www.caririemacao.com\/1\/2020\/07\/06\/secretaria-de-saude-de-prata-realiza-acoes-de-combate-ao-mosquito-da-dengue-no-municipio\/","title":{"rendered":"Secretaria de Sa\u00fade de Prata, realiza a\u00e7\u00f5es de combate ao mosquito da dengue no munic\u00edpio"},"content":{"rendered":"\n<p>A Prefeitura Municipal de Prata, junto com a Secretaria Municipal de Sa\u00fade, est\u00e1 realizando v\u00e1rias a\u00e7\u00f5es de combate ao mosquito da dengue no munic\u00edpio.<\/p>\n\n\n\n<p>O trabalho est\u00e1 sendo feito pelos agentes da Vigil\u00e2ncia em sa\u00fade, com orienta\u00e7\u00e3o e entrega de panfletos para toda a popula\u00e7\u00e3o. Assim, o objetivo \u00e9 eleminar os locais em que possa haver prolifera\u00e7\u00f5es do mosquito aedes aegypti. Mosquito transmissor da Zika, Chikungunya e tamb\u00e9m da febre amarela. <\/p>\n\n\n\n<p> Veja abaixo algumas medidas de combate:<\/p>\n\n\n\n<ul class=\"wp-block-list\"><li>&nbsp;Tampe os ton\u00e9is e caixas d\u2019\u00e1gua;<\/li><li>&nbsp;Mantenha as calhas sempre limpas;<\/li><li>&nbsp;Deixe garrafas sempre viradas com a boca para baixo;<\/li><li>&nbsp;Mantenha lixeiras bem tampadas;<\/li><li>&nbsp;Deixe ralos limpos e com aplica\u00e7\u00e3o de tela;<\/li><li>&nbsp;Limpe semanalmente ou preencha pratos de vasos de plantas com areia;<\/li><li>&nbsp;Limpe com escova ou bucha os potes de \u00e1gua para animais;<\/li><li>&nbsp;Retire \u00e1gua acumulada na \u00e1rea de servi\u00e7o, atr\u00e1s da m\u00e1quina de lavar roupa.<\/li><\/ul>\n","protected":false},"excerpt":{"rendered":"<p>A Prefeitura Municipal de Prata, junto com a Secretaria Municipal de Sa\u00fade, est\u00e1 realizando v\u00e1rias a\u00e7\u00f5es de combate ao mosquito da dengue no munic\u00edpio. O&hellip; <\/p>\n","protected":false},"author":1,"featured_media":177584,"comment_status":"closed","ping_status":"closed","sticky":false,"template":"","format":"standard","meta":{"sfsi_plus_gutenberg_text_before_share":"","sfsi_plus_gutenberg_show_text_before_share":"","sfsi_plus_gutenberg_icon_type":"","sfsi_plus_gutenberg_icon_alignemt":"","sfsi_plus_gutenburg_max_per_row":"","footnotes":""},"categories":[6,50],"tags":[],"class_list":["post-177583","post","type-post","status-publish","format-standard","has-post-thumbnail","hentry","category-cidades","category-destaque"],"_links":{"self":[{"href":"https:\/\/www.caririemacao.com\/1\/wp-json\/wp\/v2\/posts\/177583","targetHints":{"allow":["GET"]}}],"collection":[{"href":"https:\/\/www.caririemacao.com\/1\/wp-json\/wp\/v2\/posts"}],"about":[{"href":"https:\/\/www.caririemacao.com\/1\/wp-json\/wp\/v2\/types\/post"}],"author":[{"embeddable":true,"href":"https:\/\/www.caririemacao.com\/1\/wp-json\/wp\/v2\/users\/1"}],"replies":[{"embeddable":true,"href":"https:\/\/www.caririemacao.com\/1\/wp-json\/wp\/v2\/comments?post=177583"}],"version-history":[{"count":1,"href":"https:\/\/www.caririemacao.com\/1\/wp-json\/wp\/v2\/posts\/177583\/revisions"}],"predecessor-version":[{"id":177585,"href":"https:\/\/www.caririemacao.com\/1\/wp-json\/wp\/v2\/posts\/177583\/revisions\/177585"}],"wp:featuredmedia":[{"embeddable":true,"href":"https:\/\/www.caririemacao.com\/1\/wp-json\/wp\/v2\/media\/177584"}],"wp:attachment":[{"href":"https:\/\/www.caririemacao.com\/1\/wp-json\/wp\/v2\/media?parent=177583"}],"wp:term":[{"taxonomy":"category","embeddable":true,"href":"https:\/\/www.caririemacao.com\/1\/wp-json\/wp\/v2\/categories?post=177583"},{"taxonomy":"post_tag","embeddable":true,"href":"https:\/\/www.caririemacao.com\/1\/wp-json\/wp\/v2\/tags?post=177583"}],"curies":[{"name":"wp","href":"https:\/\/api.w.org\/{rel}","templated":true}]}}