{"id":177586,"date":"2020-07-06T17:03:48","date_gmt":"2020-07-06T20:03:48","guid":{"rendered":"https:\/\/www.caririemacao.com\/1\/?p=177586"},"modified":"2020-07-06T22:49:45","modified_gmt":"2020-07-07T01:49:45","slug":"motorista-e-preso-pela-prf-no-cariri-com-carro-de-locadora-nunca-devolvido-nem-pago-ha-mais-de-dois-anos","status":"publish","type":"post","link":"https:\/\/www.caririemacao.com\/1\/2020\/07\/06\/motorista-e-preso-pela-prf-no-cariri-com-carro-de-locadora-nunca-devolvido-nem-pago-ha-mais-de-dois-anos\/","title":{"rendered":"Motorista \u00e9 preso pela PRF no Cariri com carro de locadora nunca devolvido nem pago h\u00e1 mais de dois anos"},"content":{"rendered":"\n<p>A Pol\u00edcia Rodovi\u00e1ria Federal recuperou em Monteiro, no Cariri da Para\u00edba, um ve\u00edculo de locadora que nunca havia sido devolvido ap\u00f3s mais de dois anos de alugado. O autom\u00f3vel era usado com documentos falsos e o motorista foi preso na a\u00e7\u00e3o realizada na tarde do \u00faltimo s\u00e1bado (4).<\/p>\n\n\n\n<p>A equipe abordou o ve\u00edculo modelo \u00d4nix no km 188 da BR-101. Ao fazer a consulta nos sistemas de seguran\u00e7a, os policiais constataram haver ocorr\u00eancia de apropria\u00e7\u00e3o ind\u00e9bita, registrada em novembro de 2018, pela empresa locadora de ve\u00edculos, em Pernambuco.<\/p>\n\n\n\n<p>Ap\u00f3s conferir o documento apresentado pelo condutor, a equipe policial tamb\u00e9m constatou que havia ind\u00edcios de adultera\u00e7\u00e3o. Feita a consulta nos sistemas, verificaram que o CRLV era falso, pois havia sido rasurado o campo do estado de origem.<\/p>\n\n\n\n<p>O homem de 33 anos que conduzia o carro informou que pegou o ve\u00edculo emprestado de um amigo h\u00e1 um m\u00eas no munic\u00edpio de Sert\u00e2nia, em Pernambuco. A pessoa que emprestou estaria em posse do ve\u00edculo h\u00e1 mais de dois anos e informou ao condutor que o autom\u00f3vel era de locadora, mas que estava pagando a loca\u00e7\u00e3o.<\/p>\n\n\n\n<p>O homem foi detido, encaminhado \u00e0 Pol\u00edcia Civil e dever\u00e1 responder judicialmente pelos crimes de recepta\u00e7\u00e3o de ve\u00edculo roubado e uso de documento falso.<\/p>\n\n\n\n<p>A PRF alerta que ao utilizar um ve\u00edculo semi-novo \u00e9 importante conhecer a proced\u00eancia e duvidar de ofertas muito vantajosas. Essas s\u00e3o dicas importantes para se evitar cair em golpes e ainda responder pela pr\u00e1tica de crimes.<\/p>\n\n\n\n<p><em>Click PB<\/em><\/p>\n","protected":false},"excerpt":{"rendered":"<p>A Pol\u00edcia Rodovi\u00e1ria Federal recuperou em Monteiro, no Cariri da Para\u00edba, um ve\u00edculo de locadora que nunca havia sido devolvido ap\u00f3s mais de dois anos&hellip; <\/p>\n","protected":false},"author":1,"featured_media":177587,"comment_status":"closed","ping_status":"closed","sticky":false,"template":"","format":"standard","meta":{"sfsi_plus_gutenberg_text_before_share":"","sfsi_plus_gutenberg_show_text_before_share":"","sfsi_plus_gutenberg_icon_type":"","sfsi_plus_gutenberg_icon_alignemt":"","sfsi_plus_gutenburg_max_per_row":"","footnotes":""},"categories":[12],"tags":[],"class_list":["post-177586","post","type-post","status-publish","format-standard","has-post-thumbnail","hentry","category-policia"],"_links":{"self":[{"href":"https:\/\/www.caririemacao.com\/1\/wp-json\/wp\/v2\/posts\/177586","targetHints":{"allow":["GET"]}}],"collection":[{"href":"https:\/\/www.caririemacao.com\/1\/wp-json\/wp\/v2\/posts"}],"about":[{"href":"https:\/\/www.caririemacao.com\/1\/wp-json\/wp\/v2\/types\/post"}],"author":[{"embeddable":true,"href":"https:\/\/www.caririemacao.com\/1\/wp-json\/wp\/v2\/users\/1"}],"replies":[{"embeddable":true,"href":"https:\/\/www.caririemacao.com\/1\/wp-json\/wp\/v2\/comments?post=177586"}],"version-history":[{"count":2,"href":"https:\/\/www.caririemacao.com\/1\/wp-json\/wp\/v2\/posts\/177586\/revisions"}],"predecessor-version":[{"id":177589,"href":"https:\/\/www.caririemacao.com\/1\/wp-json\/wp\/v2\/posts\/177586\/revisions\/177589"}],"wp:featuredmedia":[{"embeddable":true,"href":"https:\/\/www.caririemacao.com\/1\/wp-json\/wp\/v2\/media\/177587"}],"wp:attachment":[{"href":"https:\/\/www.caririemacao.com\/1\/wp-json\/wp\/v2\/media?parent=177586"}],"wp:term":[{"taxonomy":"category","embeddable":true,"href":"https:\/\/www.caririemacao.com\/1\/wp-json\/wp\/v2\/categories?post=177586"},{"taxonomy":"post_tag","embeddable":true,"href":"https:\/\/www.caririemacao.com\/1\/wp-json\/wp\/v2\/tags?post=177586"}],"curies":[{"name":"wp","href":"https:\/\/api.w.org\/{rel}","templated":true}]}}