{"id":17766,"date":"2017-04-13T01:59:58","date_gmt":"2017-04-13T04:59:58","guid":{"rendered":"http:\/\/caririemacao.com\/1\/?p=17766"},"modified":"2017-04-13T01:59:58","modified_gmt":"2017-04-13T04:59:58","slug":"marcelo-farias-tem-requerimentos-aprovados-por-unanimidade-na-camara-de-gurjao","status":"publish","type":"post","link":"https:\/\/www.caririemacao.com\/1\/2017\/04\/13\/marcelo-farias-tem-requerimentos-aprovados-por-unanimidade-na-camara-de-gurjao\/","title":{"rendered":"Marcelo Farias tem requerimentos aprovados por unanimidade na C\u00e2mara de Gurj\u00e3o"},"content":{"rendered":"<p>O vereador de Gurj\u00e3o, Claudio Marcelo de Farias Pereira, usou da tribuna durante a reuni\u00e3o da C\u00e2mara Municipal de Gurj\u00e3o, realizada na \u00faltima sexta-feira (7), para defender duas proposituras.<\/p>\n<p>A primeira, solicitando ao prefeito Ronaldo Ramos de Queiroz, que inclua em seu plano de governo a constru\u00e7\u00e3o de uma quadra poliesportiva na Comunidade de Riacho dos Reis.<\/p>\n<p>A segunda propositura do vereador Marcelo Farias foi um Voto de Aplauso ao gestor da Escola Estadual Juarez Maracaj\u00e1, Jos\u00e9 Fl\u00e1vio Ramos de Queiroz, equipe de Docentes e aos Alunos Eduardo da N\u00f3brega Alves, Mariana Borges Pereira e Ruth Landin C\u00e2ndido N\u00f3brega de Oliveira, selecionados na primeira etapa do Programa Gira Mundo do Governo do Estado para interc\u00e2mbio de aprendizagem da L\u00edngua Inglesa.<\/p>\n<p>Marcelo tamb\u00e9m apresentou um Projeto de Lei concedendo o T\u00edtulo de Cidadania Gurj\u00e3oense a senhora Claudia Regina Soares Ferreira, pela dedica\u00e7\u00e3o e seus relevantes servi\u00e7os prestados a cidade de Gurj\u00e3o.<\/p>\n<p><strong>CARIRI EM A\u00c7\u00c3O<\/strong><\/p>\n<p>Leia mais not\u00edcias em\u00a0<a href=\"http:\/\/www.caririemacao.com\/\">caririemacao.com<\/a>, siga nossa p\u00e1gina no<a href=\"https:\/\/www.facebook.com\/CaririEmAcao\/\">\u00a0Facebook<\/a>\u00a0e\u00a0<a href=\"https:\/\/www.instagram.com\/cariri_em_acao\/?hl=pt-br\">Instagram<\/a>\u00a0veja nossas mat\u00e9rias e fotos. Voc\u00ea tamb\u00e9m pode enviar informa\u00e7\u00f5es \u00e0 Reda\u00e7\u00e3o do Portal Cariri em A\u00e7\u00e3o pelo WhatsApp (83) 9 9634.5791, (83) 9 9601-1162.<\/p>\n","protected":false},"excerpt":{"rendered":"<p>O vereador de Gurj\u00e3o, Claudio Marcelo de Farias Pereira, usou da tribuna durante a reuni\u00e3o da C\u00e2mara Municipal de Gurj\u00e3o, realizada na \u00faltima sexta-feira (7),&hellip; <\/p>\n","protected":false},"author":2,"featured_media":17758,"comment_status":"closed","ping_status":"closed","sticky":false,"template":"","format":"standard","meta":{"sfsi_plus_gutenberg_text_before_share":"","sfsi_plus_gutenberg_show_text_before_share":"","sfsi_plus_gutenberg_icon_type":"","sfsi_plus_gutenberg_icon_alignemt":"","sfsi_plus_gutenburg_max_per_row":"","footnotes":""},"categories":[11],"tags":[],"class_list":["post-17766","post","type-post","status-publish","format-standard","has-post-thumbnail","hentry","category-politica"],"_links":{"self":[{"href":"https:\/\/www.caririemacao.com\/1\/wp-json\/wp\/v2\/posts\/17766","targetHints":{"allow":["GET"]}}],"collection":[{"href":"https:\/\/www.caririemacao.com\/1\/wp-json\/wp\/v2\/posts"}],"about":[{"href":"https:\/\/www.caririemacao.com\/1\/wp-json\/wp\/v2\/types\/post"}],"author":[{"embeddable":true,"href":"https:\/\/www.caririemacao.com\/1\/wp-json\/wp\/v2\/users\/2"}],"replies":[{"embeddable":true,"href":"https:\/\/www.caririemacao.com\/1\/wp-json\/wp\/v2\/comments?post=17766"}],"version-history":[{"count":0,"href":"https:\/\/www.caririemacao.com\/1\/wp-json\/wp\/v2\/posts\/17766\/revisions"}],"wp:featuredmedia":[{"embeddable":true,"href":"https:\/\/www.caririemacao.com\/1\/wp-json\/wp\/v2\/media\/17758"}],"wp:attachment":[{"href":"https:\/\/www.caririemacao.com\/1\/wp-json\/wp\/v2\/media?parent=17766"}],"wp:term":[{"taxonomy":"category","embeddable":true,"href":"https:\/\/www.caririemacao.com\/1\/wp-json\/wp\/v2\/categories?post=17766"},{"taxonomy":"post_tag","embeddable":true,"href":"https:\/\/www.caririemacao.com\/1\/wp-json\/wp\/v2\/tags?post=17766"}],"curies":[{"name":"wp","href":"https:\/\/api.w.org\/{rel}","templated":true}]}}